{"id":7188,"date":"2026-04-27T18:23:35","date_gmt":"2026-04-27T16:23:35","guid":{"rendered":"https:\/\/wilhelmsdorf-evangelisch.de\/?p=7188"},"modified":"2026-04-27T18:26:11","modified_gmt":"2026-04-27T16:26:11","slug":"regionaler-himmelfahrtsgottesdienst-in-rennhofen","status":"publish","type":"post","link":"https:\/\/wilhelmsdorf-evangelisch.de\/?p=7188","title":{"rendered":"Regionaler Himmelfahrtsgottesdienst in Rennhofen"},"content":{"rendered":"\n<p>Auch dieses Jahr feiern wir den Gottesdienst an Christi Himmelfahrt mit unserer ganzen Region und im Freien. Am D<strong>onnerstag, 14. Mai um 10 Uhr l<\/strong>aden wir herzlich ein nach <strong>Rennhofen ans Feuerwehrhaus<\/strong>. Wir freuen uns auf viele Gemeindeglieder aus D\u00fcrrnbuch, Emskirchen, Neidhardswinden, Hagenb\u00fcchach, Kirchfembach, Brunn und Wilhelmsdorf.<br>Die vereinigten Posaunench\u00f6re werden f\u00fcr die musikalische Ausgestaltung sorgen.<\/p>\n\n\n\n<p>In diesem Gottesdienst werden auch die neuen Konfirmandinnen und Konfirmanden unserer Region begr\u00fc\u00dft. Im Anschluss an den Gottesdienst ist f\u00fcr Essen und Trinken gesorgt. Wir freuen uns auf einen besonderen Gottesdienst!<br>Herzliche Einladung!<\/p>\n\n\n\n<figure class=\"wp-block-image size-large\"><img data-recalc-dims=\"1\" decoding=\"async\" width=\"724\" height=\"1024\" data-attachment-id=\"7190\" data-permalink=\"https:\/\/wilhelmsdorf-evangelisch.de\/?attachment_id=7190\" data-orig-file=\"https:\/\/i0.wp.com\/wilhelmsdorf-evangelisch.de\/wp-content\/uploads\/2026\/04\/Himmelfahrt-2026-1.png?fit=1414%2C2000&amp;ssl=1\" data-orig-size=\"1414,2000\" data-comments-opened=\"0\" data-image-meta=\"{&quot;aperture&quot;:&quot;0&quot;,&quot;credit&quot;:&quot;&quot;,&quot;camera&quot;:&quot;&quot;,&quot;caption&quot;:&quot;&quot;,&quot;created_timestamp&quot;:&quot;0&quot;,&quot;copyright&quot;:&quot;&quot;,&quot;focal_length&quot;:&quot;0&quot;,&quot;iso&quot;:&quot;0&quot;,&quot;shutter_speed&quot;:&quot;0&quot;,&quot;title&quot;:&quot;&quot;,&quot;orientation&quot;:&quot;0&quot;}\" data-image-title=\"Himmelfahrt 2026 (1)\" data-image-description=\"\" data-image-caption=\"\" data-large-file=\"https:\/\/i0.wp.com\/wilhelmsdorf-evangelisch.de\/wp-content\/uploads\/2026\/04\/Himmelfahrt-2026-1.png?fit=724%2C1024&amp;ssl=1\" data-src=\"https:\/\/i0.wp.com\/wilhelmsdorf-evangelisch.de\/wp-content\/uploads\/2026\/04\/Himmelfahrt-2026-1.png?resize=724%2C1024&#038;ssl=1\" alt=\"\" class=\"wp-image-7190 lazyload\" data-srcset=\"https:\/\/i0.wp.com\/wilhelmsdorf-evangelisch.de\/wp-content\/uploads\/2026\/04\/Himmelfahrt-2026-1.png?resize=724%2C1024&amp;ssl=1 724w, https:\/\/i0.wp.com\/wilhelmsdorf-evangelisch.de\/wp-content\/uploads\/2026\/04\/Himmelfahrt-2026-1.png?resize=212%2C300&amp;ssl=1 212w, https:\/\/i0.wp.com\/wilhelmsdorf-evangelisch.de\/wp-content\/uploads\/2026\/04\/Himmelfahrt-2026-1.png?resize=768%2C1086&amp;ssl=1 768w, https:\/\/i0.wp.com\/wilhelmsdorf-evangelisch.de\/wp-content\/uploads\/2026\/04\/Himmelfahrt-2026-1.png?resize=1086%2C1536&amp;ssl=1 1086w, https:\/\/i0.wp.com\/wilhelmsdorf-evangelisch.de\/wp-content\/uploads\/2026\/04\/Himmelfahrt-2026-1.png?w=1414&amp;ssl=1 1414w\" data-sizes=\"(max-width: 724px) 100vw, 724px\" src=\"data:image\/svg+xml;base64,PHN2ZyB3aWR0aD0iMSIgaGVpZ2h0PSIxIiB4bWxucz0iaHR0cDovL3d3dy53My5vcmcvMjAwMC9zdmciPjwvc3ZnPg==\" style=\"--smush-placeholder-width: 724px; --smush-placeholder-aspect-ratio: 724\/1024;\" \/><\/figure>\n","protected":false},"excerpt":{"rendered":"<p>Auch dieses Jahr feiern wir den Gottesdienst an Christi Himmelfahrt mit unserer ganzen Region und im Freien. Am Donnerstag, 14. Mai um 10 Uhr laden wir herzlich ein nach Rennhofen &hellip; <\/p>\n","protected":false},"author":1,"featured_media":7189,"comment_status":"closed","ping_status":"open","sticky":false,"template":"","format":"standard","meta":{"_jetpack_newsletter_access":"","_jetpack_dont_email_post_to_subs":false,"_jetpack_newsletter_tier_id":0,"_jetpack_memberships_contains_paywalled_content":false,"_jetpack_memberships_contains_paid_content":false,"footnotes":""},"categories":[7,31,1],"tags":[],"class_list":["post-7188","post","type-post","status-publish","format-standard","has-post-thumbnail","hentry","category-ankuendigungen","category-slider","category-uncategorized"],"jetpack_featured_media_url":"https:\/\/i0.wp.com\/wilhelmsdorf-evangelisch.de\/wp-content\/uploads\/2026\/04\/Himmelfahrt-2026-SLIDER.png?fit=2000%2C1400&ssl=1","jetpack_sharing_enabled":true,"jetpack_shortlink":"https:\/\/wp.me\/p8teGU-1RW","_links":{"self":[{"href":"https:\/\/wilhelmsdorf-evangelisch.de\/index.php?rest_route=\/wp\/v2\/posts\/7188","targetHints":{"allow":["GET"]}}],"collection":[{"href":"https:\/\/wilhelmsdorf-evangelisch.de\/index.php?rest_route=\/wp\/v2\/posts"}],"about":[{"href":"https:\/\/wilhelmsdorf-evangelisch.de\/index.php?rest_route=\/wp\/v2\/types\/post"}],"author":[{"embeddable":true,"href":"https:\/\/wilhelmsdorf-evangelisch.de\/index.php?rest_route=\/wp\/v2\/users\/1"}],"replies":[{"embeddable":true,"href":"https:\/\/wilhelmsdorf-evangelisch.de\/index.php?rest_route=%2Fwp%2Fv2%2Fcomments&post=7188"}],"version-history":[{"count":1,"href":"https:\/\/wilhelmsdorf-evangelisch.de\/index.php?rest_route=\/wp\/v2\/posts\/7188\/revisions"}],"predecessor-version":[{"id":7191,"href":"https:\/\/wilhelmsdorf-evangelisch.de\/index.php?rest_route=\/wp\/v2\/posts\/7188\/revisions\/7191"}],"wp:featuredmedia":[{"embeddable":true,"href":"https:\/\/wilhelmsdorf-evangelisch.de\/index.php?rest_route=\/wp\/v2\/media\/7189"}],"wp:attachment":[{"href":"https:\/\/wilhelmsdorf-evangelisch.de\/index.php?rest_route=%2Fwp%2Fv2%2Fmedia&parent=7188"}],"wp:term":[{"taxonomy":"category","embeddable":true,"href":"https:\/\/wilhelmsdorf-evangelisch.de\/index.php?rest_route=%2Fwp%2Fv2%2Fcategories&post=7188"},{"taxonomy":"post_tag","embeddable":true,"href":"https:\/\/wilhelmsdorf-evangelisch.de\/index.php?rest_route=%2Fwp%2Fv2%2Ftags&post=7188"}],"curies":[{"name":"wp","href":"https:\/\/api.w.org\/{rel}","templated":true}]}}