{"id":7008,"date":"2025-11-20T19:49:29","date_gmt":"2025-11-20T18:49:29","guid":{"rendered":"https:\/\/wilhelmsdorf-evangelisch.de\/?p=7008"},"modified":"2025-12-13T10:51:33","modified_gmt":"2025-12-13T09:51:33","slug":"aus-dem-kirchenvorstand-sept-und-november-2025","status":"publish","type":"post","link":"https:\/\/wilhelmsdorf-evangelisch.de\/?p=7008","title":{"rendered":"Aus dem Kirchenvorstand: Sept und November 2025"},"content":{"rendered":"\n<p>Wichtige Ergebnisse aus der Sitzung am 29. September 2025<\/p>\n\n\n\n<p>F\u00fcr das Pfarrb\u00fcro (Sekret\u00e4rin und Pfarrer) werden zwei neue Laptops angeschafft, die zu 60% von der Landeskirche bezuschusst werden.<br>Der Kirchenvorstand unterst\u00fctzt das Projekt \u201eChurch X\u201c durch Mithilfe die den beiden Auff\u00fchrungstagen und dankt Peter Haag f\u00fcr sein gro\u00dfes Engagement.<br>Vikar Felix St\u00f6hler stellt zwei Projekte vor: Durchf\u00fchrung der bisherigen Konfipr\u00fcfung als \u201eGameshow\u201c, unter Beteiligung von Konfirmanden, Eltern und Kirchenvorst\u00e4nden. Zweites Projekt: Planung einer regionalen \u201eNacht der Kirchen\u201c im Jahr 2026.<br>Pfarrer Seidel hat die Zustimmung der Verwaltungsstellenleitung zur Sanierung des undichten Dachs der Froschgruppe im Kindergarten erhalten. &nbsp;Der KV spricht sich daf\u00fcr aus, nun z\u00fcgig mit den weiteren Stellen die Reparatur auf den Weg zu bringen.<\/p>\n\n\n\n<p>Regionales Treffen aller Kirchenvorst\u00e4nde des Region Ost zum Thema Immobilien<\/p>\n\n\n\n<p>Am 13. November kamen in Emskirchen die Kirchenvorstandsmitglieder der Region zusammen, um unter Anleitung von Dekanin Brecht die anstehende Immobilienbedarfsplanung in den Blick zu nehmen.<br>Die Landeskirche geht davon aus, dass in den n\u00e4chsten Jahrzenten der Gro\u00dfteil unserer kirchlichen Geb\u00e4ude nicht mehr finanziell unterhalten werden k\u00f6nnen. Darum muss man regional \u00fcberlegen, welche Geb\u00e4ude wir auf jeden Fall behalten wollen, und welche verkauft oder so umgewidmet werden, dass ihre Instandhaltung finanziell gesichert ist. Somit stehen viele Gemeindeh\u00e4user und Pfarrh\u00e4user nun in Frage.<br>Trotz des deutlichen Unmuts und Frusts, den viele Kirchenvorstandsmitglieder \u00e4u\u00dferten, werden die Gemeinden nicht um solche Entscheidungen herum kommen. Im neuen Jahr sind dann weitere gemeinsame Planungsschritte auf den Vorstands- Tagesordnungen.<\/p>\n\n\n\n<figure class=\"wp-block-image size-large\"><img data-recalc-dims=\"1\" decoding=\"async\" width=\"735\" height=\"331\" data-attachment-id=\"7009\" data-permalink=\"https:\/\/wilhelmsdorf-evangelisch.de\/?attachment_id=7009\" data-orig-file=\"https:\/\/i0.wp.com\/wilhelmsdorf-evangelisch.de\/wp-content\/uploads\/2025\/11\/IMG_20251113_204636-scaled.jpg?fit=2048%2C922&amp;ssl=1\" data-orig-size=\"2048,922\" data-comments-opened=\"0\" data-image-meta=\"{&quot;aperture&quot;:&quot;1.8&quot;,&quot;credit&quot;:&quot;&quot;,&quot;camera&quot;:&quot;SM-G991B&quot;,&quot;caption&quot;:&quot;&quot;,&quot;created_timestamp&quot;:&quot;1763066795&quot;,&quot;copyright&quot;:&quot;&quot;,&quot;focal_length&quot;:&quot;5.4&quot;,&quot;iso&quot;:&quot;500&quot;,&quot;shutter_speed&quot;:&quot;0.02&quot;,&quot;title&quot;:&quot;&quot;,&quot;orientation&quot;:&quot;1&quot;}\" data-image-title=\"IMG_20251113_204636\" data-image-description=\"\" data-image-caption=\"\" data-large-file=\"https:\/\/i0.wp.com\/wilhelmsdorf-evangelisch.de\/wp-content\/uploads\/2025\/11\/IMG_20251113_204636-scaled.jpg?fit=735%2C331&amp;ssl=1\" data-src=\"https:\/\/i0.wp.com\/wilhelmsdorf-evangelisch.de\/wp-content\/uploads\/2025\/11\/IMG_20251113_204636.jpg?resize=735%2C331&#038;ssl=1\" alt=\"\" class=\"wp-image-7009 lazyload\" data-srcset=\"https:\/\/i0.wp.com\/wilhelmsdorf-evangelisch.de\/wp-content\/uploads\/2025\/11\/IMG_20251113_204636-scaled.jpg?resize=1024%2C461&amp;ssl=1 1024w, https:\/\/i0.wp.com\/wilhelmsdorf-evangelisch.de\/wp-content\/uploads\/2025\/11\/IMG_20251113_204636-scaled.jpg?resize=300%2C135&amp;ssl=1 300w, https:\/\/i0.wp.com\/wilhelmsdorf-evangelisch.de\/wp-content\/uploads\/2025\/11\/IMG_20251113_204636-scaled.jpg?resize=768%2C346&amp;ssl=1 768w, https:\/\/i0.wp.com\/wilhelmsdorf-evangelisch.de\/wp-content\/uploads\/2025\/11\/IMG_20251113_204636-scaled.jpg?resize=1536%2C692&amp;ssl=1 1536w, https:\/\/i0.wp.com\/wilhelmsdorf-evangelisch.de\/wp-content\/uploads\/2025\/11\/IMG_20251113_204636-scaled.jpg?w=2048&amp;ssl=1 2048w, https:\/\/i0.wp.com\/wilhelmsdorf-evangelisch.de\/wp-content\/uploads\/2025\/11\/IMG_20251113_204636-scaled.jpg?w=1470&amp;ssl=1 1470w\" data-sizes=\"(max-width: 735px) 100vw, 735px\" src=\"data:image\/svg+xml;base64,PHN2ZyB3aWR0aD0iMSIgaGVpZ2h0PSIxIiB4bWxucz0iaHR0cDovL3d3dy53My5vcmcvMjAwMC9zdmciPjwvc3ZnPg==\" style=\"--smush-placeholder-width: 735px; --smush-placeholder-aspect-ratio: 735\/331;\" \/><\/figure>\n\n\n\n<figure class=\"wp-block-image size-large\"><img data-recalc-dims=\"1\" decoding=\"async\" width=\"461\" height=\"1024\" data-attachment-id=\"7010\" data-permalink=\"https:\/\/wilhelmsdorf-evangelisch.de\/?attachment_id=7010\" data-orig-file=\"https:\/\/i0.wp.com\/wilhelmsdorf-evangelisch.de\/wp-content\/uploads\/2025\/11\/IMG_20251113_210243-scaled-e1763664686707.jpg?fit=717%2C686&amp;ssl=1\" data-orig-size=\"717,686\" data-comments-opened=\"0\" data-image-meta=\"{&quot;aperture&quot;:&quot;2.2&quot;,&quot;credit&quot;:&quot;&quot;,&quot;camera&quot;:&quot;SM-G991B&quot;,&quot;caption&quot;:&quot;&quot;,&quot;created_timestamp&quot;:&quot;1763067762&quot;,&quot;copyright&quot;:&quot;&quot;,&quot;focal_length&quot;:&quot;2.2&quot;,&quot;iso&quot;:&quot;320&quot;,&quot;shutter_speed&quot;:&quot;0.03030303&quot;,&quot;title&quot;:&quot;&quot;,&quot;orientation&quot;:&quot;1&quot;}\" data-image-title=\"IMG_20251113_210243\" data-image-description=\"\" data-image-caption=\"\" data-large-file=\"https:\/\/i0.wp.com\/wilhelmsdorf-evangelisch.de\/wp-content\/uploads\/2025\/11\/IMG_20251113_210243-scaled-e1763664686707.jpg?fit=461%2C1024&amp;ssl=1\" data-src=\"https:\/\/i0.wp.com\/wilhelmsdorf-evangelisch.de\/wp-content\/uploads\/2025\/11\/IMG_20251113_210243.jpg?resize=461%2C1024&#038;ssl=1\" alt=\"\" class=\"wp-image-7010 lazyload\" src=\"data:image\/svg+xml;base64,PHN2ZyB3aWR0aD0iMSIgaGVpZ2h0PSIxIiB4bWxucz0iaHR0cDovL3d3dy53My5vcmcvMjAwMC9zdmciPjwvc3ZnPg==\" style=\"--smush-placeholder-width: 461px; --smush-placeholder-aspect-ratio: 461\/1024;\" \/><\/figure>\n","protected":false},"excerpt":{"rendered":"<p>Ergebnisser unserer Kirchenvorstandssitzungen<\/p>\n","protected":false},"author":1,"featured_media":7009,"comment_status":"closed","ping_status":"open","sticky":false,"template":"","format":"standard","meta":{"_jetpack_newsletter_access":"","_jetpack_dont_email_post_to_subs":true,"_jetpack_newsletter_tier_id":0,"_jetpack_memberships_contains_paywalled_content":false,"_jetpack_memberships_contains_paid_content":false,"footnotes":""},"categories":[8],"tags":[],"class_list":["post-7008","post","type-post","status-publish","format-standard","has-post-thumbnail","hentry","category-berichte"],"jetpack_featured_media_url":"https:\/\/i0.wp.com\/wilhelmsdorf-evangelisch.de\/wp-content\/uploads\/2025\/11\/IMG_20251113_204636-scaled.jpg?fit=2048%2C922&ssl=1","jetpack_sharing_enabled":true,"jetpack_shortlink":"https:\/\/wp.me\/p8teGU-1P2","_links":{"self":[{"href":"https:\/\/wilhelmsdorf-evangelisch.de\/index.php?rest_route=\/wp\/v2\/posts\/7008","targetHints":{"allow":["GET"]}}],"collection":[{"href":"https:\/\/wilhelmsdorf-evangelisch.de\/index.php?rest_route=\/wp\/v2\/posts"}],"about":[{"href":"https:\/\/wilhelmsdorf-evangelisch.de\/index.php?rest_route=\/wp\/v2\/types\/post"}],"author":[{"embeddable":true,"href":"https:\/\/wilhelmsdorf-evangelisch.de\/index.php?rest_route=\/wp\/v2\/users\/1"}],"replies":[{"embeddable":true,"href":"https:\/\/wilhelmsdorf-evangelisch.de\/index.php?rest_route=%2Fwp%2Fv2%2Fcomments&post=7008"}],"version-history":[{"count":1,"href":"https:\/\/wilhelmsdorf-evangelisch.de\/index.php?rest_route=\/wp\/v2\/posts\/7008\/revisions"}],"predecessor-version":[{"id":7011,"href":"https:\/\/wilhelmsdorf-evangelisch.de\/index.php?rest_route=\/wp\/v2\/posts\/7008\/revisions\/7011"}],"wp:featuredmedia":[{"embeddable":true,"href":"https:\/\/wilhelmsdorf-evangelisch.de\/index.php?rest_route=\/wp\/v2\/media\/7009"}],"wp:attachment":[{"href":"https:\/\/wilhelmsdorf-evangelisch.de\/index.php?rest_route=%2Fwp%2Fv2%2Fmedia&parent=7008"}],"wp:term":[{"taxonomy":"category","embeddable":true,"href":"https:\/\/wilhelmsdorf-evangelisch.de\/index.php?rest_route=%2Fwp%2Fv2%2Fcategories&post=7008"},{"taxonomy":"post_tag","embeddable":true,"href":"https:\/\/wilhelmsdorf-evangelisch.de\/index.php?rest_route=%2Fwp%2Fv2%2Ftags&post=7008"}],"curies":[{"name":"wp","href":"https:\/\/api.w.org\/{rel}","templated":true}]}}