{"id":6883,"date":"2025-11-21T11:35:14","date_gmt":"2025-11-21T10:35:14","guid":{"rendered":"https:\/\/wilhelmsdorf-evangelisch.de\/?p=6883"},"modified":"2025-11-30T17:57:51","modified_gmt":"2025-11-30T16:57:51","slug":"adventskonzert-der-aischtal-shantys-am-1-advent","status":"publish","type":"post","link":"https:\/\/wilhelmsdorf-evangelisch.de\/?p=6883","title":{"rendered":"Adventskonzert der \u201eAischtal-Shantys\u201c am 1. Advent, 30. November um 17:00 Uhr"},"content":{"rendered":"\n<p>Ein besonderes Adventskonzert erwartet uns am <strong>1. Advent um 17:00 Uhr<\/strong> in der Wilhelmsdorfer Hugenottenkirche: Die \u201eAischtal-Shantys\u201c werden bei uns zu Gast sein. Dabei werden sie vom Posaunenchor Wilhelmsdorf unterst\u00fctzt.<\/p>\n\n\n\n<p>Bei Shanty-Ch\u00f6ren denken viele von uns an die Nordseek\u00fcste, Seeleute und an Lieder zum Schunkeln. Aber auch fern der K\u00fcste k\u00f6nnen sich Menschen f\u00fcr Lieder von Schiffen, Wellen, Wind und Meer begeistern. Die \u201eAischtal-Shantys\u201c gibt es bereits seit vielen Jahren in unserem Landkreis und sie haben schon mehrfach mit Adventskonzerten in Kirchen das Publikum begeistert.<br>Am 30. November kommen sie f\u00fcr ein Benefiz-Konzert mit adventlichem Programm in die Hugenottenkirche. <\/p>\n\n\n\n<p> Der Eintritt ist frei. Der Chor freut sich \u00fcber Spenden am Ausgang, die immer einem karitativen Zweck zugutekommen.<\/p>\n\n\n\n<p><\/p>\n\n\n\n<figure class=\"wp-block-image size-large\"><img data-recalc-dims=\"1\" decoding=\"async\" width=\"735\" height=\"551\" data-attachment-id=\"6884\" data-permalink=\"https:\/\/wilhelmsdorf-evangelisch.de\/?attachment_id=6884\" data-orig-file=\"https:\/\/i0.wp.com\/wilhelmsdorf-evangelisch.de\/wp-content\/uploads\/2025\/09\/Aischtal-shantys-B-scaled.jpg?fit=2048%2C1536&amp;ssl=1\" data-orig-size=\"2048,1536\" data-comments-opened=\"0\" data-image-meta=\"{&quot;aperture&quot;:&quot;2.8&quot;,&quot;credit&quot;:&quot;&quot;,&quot;camera&quot;:&quot;DMC-FZ200&quot;,&quot;caption&quot;:&quot;&quot;,&quot;created_timestamp&quot;:&quot;1697046213&quot;,&quot;copyright&quot;:&quot;&quot;,&quot;focal_length&quot;:&quot;7&quot;,&quot;iso&quot;:&quot;400&quot;,&quot;shutter_speed&quot;:&quot;0.02&quot;,&quot;title&quot;:&quot;&quot;,&quot;orientation&quot;:&quot;1&quot;}\" data-image-title=\"Aischtal-shantys B\" data-image-description=\"\" data-image-caption=\"\" data-large-file=\"https:\/\/i0.wp.com\/wilhelmsdorf-evangelisch.de\/wp-content\/uploads\/2025\/09\/Aischtal-shantys-B-scaled.jpg?fit=735%2C551&amp;ssl=1\" data-src=\"https:\/\/i0.wp.com\/wilhelmsdorf-evangelisch.de\/wp-content\/uploads\/2025\/09\/Aischtal-shantys-B.jpg?resize=735%2C551&#038;ssl=1\" alt=\"\" class=\"wp-image-6884 lazyload\" data-srcset=\"https:\/\/i0.wp.com\/wilhelmsdorf-evangelisch.de\/wp-content\/uploads\/2025\/09\/Aischtal-shantys-B-scaled.jpg?resize=1024%2C768&amp;ssl=1 1024w, https:\/\/i0.wp.com\/wilhelmsdorf-evangelisch.de\/wp-content\/uploads\/2025\/09\/Aischtal-shantys-B-scaled.jpg?resize=300%2C225&amp;ssl=1 300w, https:\/\/i0.wp.com\/wilhelmsdorf-evangelisch.de\/wp-content\/uploads\/2025\/09\/Aischtal-shantys-B-scaled.jpg?resize=768%2C576&amp;ssl=1 768w, https:\/\/i0.wp.com\/wilhelmsdorf-evangelisch.de\/wp-content\/uploads\/2025\/09\/Aischtal-shantys-B-scaled.jpg?resize=1536%2C1152&amp;ssl=1 1536w, https:\/\/i0.wp.com\/wilhelmsdorf-evangelisch.de\/wp-content\/uploads\/2025\/09\/Aischtal-shantys-B-scaled.jpg?w=2048&amp;ssl=1 2048w, https:\/\/i0.wp.com\/wilhelmsdorf-evangelisch.de\/wp-content\/uploads\/2025\/09\/Aischtal-shantys-B-scaled.jpg?w=1470&amp;ssl=1 1470w\" data-sizes=\"(max-width: 735px) 100vw, 735px\" src=\"data:image\/svg+xml;base64,PHN2ZyB3aWR0aD0iMSIgaGVpZ2h0PSIxIiB4bWxucz0iaHR0cDovL3d3dy53My5vcmcvMjAwMC9zdmciPjwvc3ZnPg==\" style=\"--smush-placeholder-width: 735px; --smush-placeholder-aspect-ratio: 735\/551;\" \/><\/figure>\n","protected":false},"excerpt":{"rendered":"<p>Ein besonderes Adventskonzert erwartet uns am 1. Advent um 17:00 Uhr in der Wilhelmsdorfer Hugenottenkirche: Die \u201eAischtal-Shantys\u201c werden bei uns zu Gast sein.<\/p>\n","protected":false},"author":1,"featured_media":6884,"comment_status":"closed","ping_status":"open","sticky":false,"template":"","format":"standard","meta":{"_jetpack_newsletter_access":"","_jetpack_dont_email_post_to_subs":false,"_jetpack_newsletter_tier_id":0,"_jetpack_memberships_contains_paywalled_content":false,"_jetpack_memberships_contains_paid_content":false,"footnotes":""},"categories":[1],"tags":[],"class_list":["post-6883","post","type-post","status-publish","format-standard","has-post-thumbnail","hentry","category-uncategorized"],"jetpack_featured_media_url":"https:\/\/i0.wp.com\/wilhelmsdorf-evangelisch.de\/wp-content\/uploads\/2025\/09\/Aischtal-shantys-B-scaled.jpg?fit=2048%2C1536&ssl=1","jetpack_sharing_enabled":true,"jetpack_shortlink":"https:\/\/wp.me\/p8teGU-1N1","_links":{"self":[{"href":"https:\/\/wilhelmsdorf-evangelisch.de\/index.php?rest_route=\/wp\/v2\/posts\/6883","targetHints":{"allow":["GET"]}}],"collection":[{"href":"https:\/\/wilhelmsdorf-evangelisch.de\/index.php?rest_route=\/wp\/v2\/posts"}],"about":[{"href":"https:\/\/wilhelmsdorf-evangelisch.de\/index.php?rest_route=\/wp\/v2\/types\/post"}],"author":[{"embeddable":true,"href":"https:\/\/wilhelmsdorf-evangelisch.de\/index.php?rest_route=\/wp\/v2\/users\/1"}],"replies":[{"embeddable":true,"href":"https:\/\/wilhelmsdorf-evangelisch.de\/index.php?rest_route=%2Fwp%2Fv2%2Fcomments&post=6883"}],"version-history":[{"count":6,"href":"https:\/\/wilhelmsdorf-evangelisch.de\/index.php?rest_route=\/wp\/v2\/posts\/6883\/revisions"}],"predecessor-version":[{"id":7015,"href":"https:\/\/wilhelmsdorf-evangelisch.de\/index.php?rest_route=\/wp\/v2\/posts\/6883\/revisions\/7015"}],"wp:featuredmedia":[{"embeddable":true,"href":"https:\/\/wilhelmsdorf-evangelisch.de\/index.php?rest_route=\/wp\/v2\/media\/6884"}],"wp:attachment":[{"href":"https:\/\/wilhelmsdorf-evangelisch.de\/index.php?rest_route=%2Fwp%2Fv2%2Fmedia&parent=6883"}],"wp:term":[{"taxonomy":"category","embeddable":true,"href":"https:\/\/wilhelmsdorf-evangelisch.de\/index.php?rest_route=%2Fwp%2Fv2%2Fcategories&post=6883"},{"taxonomy":"post_tag","embeddable":true,"href":"https:\/\/wilhelmsdorf-evangelisch.de\/index.php?rest_route=%2Fwp%2Fv2%2Ftags&post=6883"}],"curies":[{"name":"wp","href":"https:\/\/api.w.org\/{rel}","templated":true}]}}