{"id":5547,"date":"2023-02-13T13:53:29","date_gmt":"2023-02-13T12:53:29","guid":{"rendered":"https:\/\/wilhelmsdorf-evangelisch.de\/?p=5547"},"modified":"2023-04-02T17:47:59","modified_gmt":"2023-04-02T15:47:59","slug":"fruehjahrssammlung-der-diakonie-2","status":"publish","type":"post","link":"https:\/\/wilhelmsdorf-evangelisch.de\/?p=5547","title":{"rendered":"Fr\u00fchjahrssammlung der Diakonie"},"content":{"rendered":"\n<p>Auch in diesem Jahr f\u00fchren wir die Fr\u00fchjahrssammlungnnicht als Sammlung von Haus zu Haus<br>durch. Stattdessen finden Sie in diesem Kirchenblatt eine Brosch\u00fcre der Diakonie. Sie bietet Ihnen<br>Informationen zum diesj\u00e4hrigen Schwerpunkt der Aktion und enth\u00e4lt einen bereits ausgef\u00fcllten<br>\u00dcberweisungstr\u00e4ger. Au\u00dferdem werden wir am 19. und am 26. M\u00e4rz w\u00e4hrend der Gottesdienste<br>eine Diakonie-Spendenbox aufstellen.<\/p>\n\n\n\n<p>Online erfahren Sie hier mehr:<\/p>\n\n\n\n<figure class=\"wp-block-image size-large\"><a href=\"https:\/\/www.diakonie-bayern.de\/unterstuetzen\/sammlungen\/fruehjahrssammlung\"><img data-recalc-dims=\"1\" decoding=\"async\" width=\"724\" height=\"1024\" data-attachment-id=\"5548\" data-permalink=\"https:\/\/wilhelmsdorf-evangelisch.de\/?attachment_id=5548\" data-orig-file=\"https:\/\/i0.wp.com\/wilhelmsdorf-evangelisch.de\/wp-content\/uploads\/2023\/02\/Fruehjahrssammlung2023-scaled.jpg?fit=1448%2C2048&amp;ssl=1\" data-orig-size=\"1448,2048\" data-comments-opened=\"0\" data-image-meta=\"{&quot;aperture&quot;:&quot;0&quot;,&quot;credit&quot;:&quot;&quot;,&quot;camera&quot;:&quot;&quot;,&quot;caption&quot;:&quot;&quot;,&quot;created_timestamp&quot;:&quot;0&quot;,&quot;copyright&quot;:&quot;&quot;,&quot;focal_length&quot;:&quot;0&quot;,&quot;iso&quot;:&quot;0&quot;,&quot;shutter_speed&quot;:&quot;0&quot;,&quot;title&quot;:&quot;&quot;,&quot;orientation&quot;:&quot;0&quot;}\" data-image-title=\"Fruehjahrssammlung2023\" data-image-description=\"\" data-image-caption=\"\" data-large-file=\"https:\/\/i0.wp.com\/wilhelmsdorf-evangelisch.de\/wp-content\/uploads\/2023\/02\/Fruehjahrssammlung2023-scaled.jpg?fit=724%2C1024&amp;ssl=1\" data-src=\"https:\/\/i0.wp.com\/wilhelmsdorf-evangelisch.de\/wp-content\/uploads\/2023\/02\/Fruehjahrssammlung2023.jpg?resize=724%2C1024&#038;ssl=1\" alt=\"\" class=\"wp-image-5548 lazyload\" data-srcset=\"https:\/\/i0.wp.com\/wilhelmsdorf-evangelisch.de\/wp-content\/uploads\/2023\/02\/Fruehjahrssammlung2023-scaled.jpg?resize=724%2C1024&amp;ssl=1 724w, https:\/\/i0.wp.com\/wilhelmsdorf-evangelisch.de\/wp-content\/uploads\/2023\/02\/Fruehjahrssammlung2023-scaled.jpg?resize=212%2C300&amp;ssl=1 212w, https:\/\/i0.wp.com\/wilhelmsdorf-evangelisch.de\/wp-content\/uploads\/2023\/02\/Fruehjahrssammlung2023-scaled.jpg?resize=768%2C1086&amp;ssl=1 768w, https:\/\/i0.wp.com\/wilhelmsdorf-evangelisch.de\/wp-content\/uploads\/2023\/02\/Fruehjahrssammlung2023-scaled.jpg?resize=1086%2C1536&amp;ssl=1 1086w, https:\/\/i0.wp.com\/wilhelmsdorf-evangelisch.de\/wp-content\/uploads\/2023\/02\/Fruehjahrssammlung2023-scaled.jpg?w=1448&amp;ssl=1 1448w\" data-sizes=\"(max-width: 724px) 100vw, 724px\" src=\"data:image\/svg+xml;base64,PHN2ZyB3aWR0aD0iMSIgaGVpZ2h0PSIxIiB4bWxucz0iaHR0cDovL3d3dy53My5vcmcvMjAwMC9zdmciPjwvc3ZnPg==\" style=\"--smush-placeholder-width: 724px; --smush-placeholder-aspect-ratio: 724\/1024;\" \/><\/a><\/figure>\n","protected":false},"excerpt":{"rendered":"<p>Informationen zur F\u00fchjahrssammlung der Diakonie<\/p>\n","protected":false},"author":1,"featured_media":5549,"comment_status":"closed","ping_status":"open","sticky":false,"template":"","format":"standard","meta":{"_jetpack_newsletter_access":"","_jetpack_dont_email_post_to_subs":false,"_jetpack_newsletter_tier_id":0,"_jetpack_memberships_contains_paywalled_content":false,"_jetpack_memberships_contains_paid_content":false,"footnotes":""},"categories":[1],"tags":[],"class_list":["post-5547","post","type-post","status-publish","format-standard","has-post-thumbnail","hentry","category-uncategorized"],"jetpack_featured_media_url":"https:\/\/i0.wp.com\/wilhelmsdorf-evangelisch.de\/wp-content\/uploads\/2023\/02\/Screenshot-2023-02-14-at-13-59-44-Fruehjahrssammlung-Diakonie-Bayern.png?fit=1072%2C495&ssl=1","jetpack_sharing_enabled":true,"jetpack_shortlink":"https:\/\/wp.me\/p8teGU-1rt","_links":{"self":[{"href":"https:\/\/wilhelmsdorf-evangelisch.de\/index.php?rest_route=\/wp\/v2\/posts\/5547","targetHints":{"allow":["GET"]}}],"collection":[{"href":"https:\/\/wilhelmsdorf-evangelisch.de\/index.php?rest_route=\/wp\/v2\/posts"}],"about":[{"href":"https:\/\/wilhelmsdorf-evangelisch.de\/index.php?rest_route=\/wp\/v2\/types\/post"}],"author":[{"embeddable":true,"href":"https:\/\/wilhelmsdorf-evangelisch.de\/index.php?rest_route=\/wp\/v2\/users\/1"}],"replies":[{"embeddable":true,"href":"https:\/\/wilhelmsdorf-evangelisch.de\/index.php?rest_route=%2Fwp%2Fv2%2Fcomments&post=5547"}],"version-history":[{"count":1,"href":"https:\/\/wilhelmsdorf-evangelisch.de\/index.php?rest_route=\/wp\/v2\/posts\/5547\/revisions"}],"predecessor-version":[{"id":5550,"href":"https:\/\/wilhelmsdorf-evangelisch.de\/index.php?rest_route=\/wp\/v2\/posts\/5547\/revisions\/5550"}],"wp:featuredmedia":[{"embeddable":true,"href":"https:\/\/wilhelmsdorf-evangelisch.de\/index.php?rest_route=\/wp\/v2\/media\/5549"}],"wp:attachment":[{"href":"https:\/\/wilhelmsdorf-evangelisch.de\/index.php?rest_route=%2Fwp%2Fv2%2Fmedia&parent=5547"}],"wp:term":[{"taxonomy":"category","embeddable":true,"href":"https:\/\/wilhelmsdorf-evangelisch.de\/index.php?rest_route=%2Fwp%2Fv2%2Fcategories&post=5547"},{"taxonomy":"post_tag","embeddable":true,"href":"https:\/\/wilhelmsdorf-evangelisch.de\/index.php?rest_route=%2Fwp%2Fv2%2Ftags&post=5547"}],"curies":[{"name":"wp","href":"https:\/\/api.w.org\/{rel}","templated":true}]}}