{"id":5544,"date":"2023-03-02T13:51:57","date_gmt":"2023-03-02T12:51:57","guid":{"rendered":"https:\/\/wilhelmsdorf-evangelisch.de\/?p=5544"},"modified":"2023-03-04T13:14:21","modified_gmt":"2023-03-04T12:14:21","slug":"weltgebetstag-2023-aus-taiwan-freitag-3-maerz-2023-in-brunn","status":"publish","type":"post","link":"https:\/\/wilhelmsdorf-evangelisch.de\/?p=5544","title":{"rendered":"Weltgebetstag 2023 aus Taiwan: Freitag, 3. M\u00e4rz 2023 in Brunn"},"content":{"rendered":"\n<p>\u201eGlaube bewegt\u201c: So lautet der offizielle deutsche Titel des Weltgebetstages 2023 aus Taiwan.<br>Gefeiert wird der Weltgebetstag weltweit am ersten Freitag im M\u00e4rz.  Frauen aus Taiwan haben ihn in<br>diesem Jahr vorbereitet. Wir h\u00f6ren, wie die Taiwanerinnen von ihrem Glauben erz\u00e4hlen und erfahren, wie<br>sie in diesen unsicheren Zeiten mit ihrer Tradition und Ihrer Spiritualit\u00e4t umgehen. Nat\u00fcrlich sind auch<br>wieder wissenswerte Informationen zu Land und Leuten Inhalt des Gottesdienstes.<br>\u00dcber Konfessions- und L\u00e4ndergrenzen hinweg engagieren sich christliche Frauen in der Bewegung<br>des Weltgebetstags, dass Frauen und M\u00e4dchen \u00fcberall auf der Welt in Frieden, Gerechtigkeit und W\u00fcrde leben k\u00f6nnen. So wurde der Weltgebetstag in den letzten 130 Jahren zur gr\u00f6\u00dften Basisbewegung<br>christlicher Frauen.<\/p>\n\n\n\n<p class=\"has-text-align-center\"><strong>Auch wir in Brunn und Wilhelmsdorf feiern den Weltgebetstag.<br>Wann? Freitag, 03.03.2023 um 19.30 Uhr<br>Wo? Kirche in Brunn<\/strong><br>Die Idee des Weltgebetstags: Ein Gebet wandert \u00fcber 24 Stunden lang um den Erdball \u2026 und verbindet<br>Frauen in mehr als 150 L\u00e4ndern der Welt miteinander!<\/p>\n\n\n\n<p>Nach dem Gottesdienst freuen wir uns, wenn Sie sich noch ein bisschen Zeit nehmen zum Austausch und zum Probieren verschiedener landestypischer Gerichte. <br>Lernen Sie Taiwan auch von der kulinarischen Seite kennen. Seien Sie mit dabei und erleben Sie mit uns den Spirit des Weltgebetstags!<br>Wir freuen uns auf Sie!<\/p>\n\n\n\n<div class=\"wp-block-jetpack-tiled-gallery aligncenter is-style-rectangular\"><div class=\"tiled-gallery__gallery\"><div class=\"tiled-gallery__row\"><div class=\"tiled-gallery__col\" style=\"flex-basis:7.12915%\"><figure class=\"tiled-gallery__item\"><a href=\"https:\/\/wilhelmsdorf-evangelisch.de\/?attachment_id=5580\"><img decoding=\"async\" data-attachment-id=\"5580\" data-permalink=\"https:\/\/wilhelmsdorf-evangelisch.de\/?attachment_id=5580\" data-orig-file=\"https:\/\/i0.wp.com\/wilhelmsdorf-evangelisch.de\/wp-content\/uploads\/2023\/03\/wgt23b.jpg?fit=970%2C2048&amp;ssl=1\" data-orig-size=\"970,2048\" data-comments-opened=\"0\" data-image-meta=\"{&quot;aperture&quot;:&quot;0&quot;,&quot;credit&quot;:&quot;&quot;,&quot;camera&quot;:&quot;&quot;,&quot;caption&quot;:&quot;&quot;,&quot;created_timestamp&quot;:&quot;0&quot;,&quot;copyright&quot;:&quot;&quot;,&quot;focal_length&quot;:&quot;0&quot;,&quot;iso&quot;:&quot;0&quot;,&quot;shutter_speed&quot;:&quot;0&quot;,&quot;title&quot;:&quot;&quot;,&quot;orientation&quot;:&quot;0&quot;}\" data-image-title=\"wgt23b\" data-image-description=\"\" data-image-caption=\"\" data-large-file=\"https:\/\/i0.wp.com\/wilhelmsdorf-evangelisch.de\/wp-content\/uploads\/2023\/03\/wgt23b.jpg?fit=485%2C1024&amp;ssl=1\" data-attachment-id=\"5580\" data-permalink=\"https:\/\/wilhelmsdorf-evangelisch.de\/?attachment_id=5580\" data-orig-file=\"https:\/\/i0.wp.com\/wilhelmsdorf-evangelisch.de\/wp-content\/uploads\/2023\/03\/wgt23b.jpg?fit=970%2C2048&amp;ssl=1\" data-orig-size=\"970,2048\" data-comments-opened=\"0\" data-image-meta=\"{&quot;aperture&quot;:&quot;0&quot;,&quot;credit&quot;:&quot;&quot;,&quot;camera&quot;:&quot;&quot;,&quot;caption&quot;:&quot;&quot;,&quot;created_timestamp&quot;:&quot;0&quot;,&quot;copyright&quot;:&quot;&quot;,&quot;focal_length&quot;:&quot;0&quot;,&quot;iso&quot;:&quot;0&quot;,&quot;shutter_speed&quot;:&quot;0&quot;,&quot;title&quot;:&quot;&quot;,&quot;orientation&quot;:&quot;0&quot;}\" data-image-title=\"wgt23b\" data-image-description=\"\" data-image-caption=\"\" data-large-file=\"https:\/\/i0.wp.com\/wilhelmsdorf-evangelisch.de\/wp-content\/uploads\/2023\/03\/wgt23b.jpg?fit=485%2C1024&amp;ssl=1\" role=\"button\" tabindex=\"0\" aria-label=\"Bild\u00a01 von 4 im Vollbildmodus \u00f6ffnen\"data-srcset=\"https:\/\/i2.wp.com\/wilhelmsdorf-evangelisch.de\/wp-content\/uploads\/2023\/03\/wgt23b-485x1024.jpg?strip=info&#038;w=600&#038;ssl=1 600w,https:\/\/i2.wp.com\/wilhelmsdorf-evangelisch.de\/wp-content\/uploads\/2023\/03\/wgt23b-485x1024.jpg?strip=info&#038;w=900&#038;ssl=1 900w,https:\/\/i2.wp.com\/wilhelmsdorf-evangelisch.de\/wp-content\/uploads\/2023\/03\/wgt23b-485x1024.jpg?strip=info&#038;w=970&#038;ssl=1 970w\" alt=\"\" data-height=\"2048\" data-id=\"5580\" data-link=\"https:\/\/wilhelmsdorf-evangelisch.de\/?attachment_id=5580\" data-url=\"https:\/\/wilhelmsdorf-evangelisch.de\/wp-content\/uploads\/2023\/03\/wgt23b-485x1024.jpg\" data-width=\"970\" data-src=\"https:\/\/i2.wp.com\/wilhelmsdorf-evangelisch.de\/wp-content\/uploads\/2023\/03\/wgt23b-485x1024.jpg?ssl=1\" data-amp-layout=\"responsive\" src=\"data:image\/svg+xml;base64,PHN2ZyB3aWR0aD0iMSIgaGVpZ2h0PSIxIiB4bWxucz0iaHR0cDovL3d3dy53My5vcmcvMjAwMC9zdmciPjwvc3ZnPg==\" class=\"lazyload\" style=\"--smush-placeholder-width: 485px; --smush-placeholder-aspect-ratio: 485\/1024;\" \/><\/a><\/figure><\/div><div class=\"tiled-gallery__col\" style=\"flex-basis:30.95695%\"><figure class=\"tiled-gallery__item\"><a href=\"https:\/\/wilhelmsdorf-evangelisch.de\/?attachment_id=5581\"><img decoding=\"async\" data-attachment-id=\"5581\" data-permalink=\"https:\/\/wilhelmsdorf-evangelisch.de\/?attachment_id=5581\" data-orig-file=\"https:\/\/i0.wp.com\/wilhelmsdorf-evangelisch.de\/wp-content\/uploads\/2023\/03\/wgt23c.jpg?fit=2048%2C970&amp;ssl=1\" data-orig-size=\"2048,970\" data-comments-opened=\"0\" data-image-meta=\"{&quot;aperture&quot;:&quot;0&quot;,&quot;credit&quot;:&quot;&quot;,&quot;camera&quot;:&quot;&quot;,&quot;caption&quot;:&quot;&quot;,&quot;created_timestamp&quot;:&quot;0&quot;,&quot;copyright&quot;:&quot;&quot;,&quot;focal_length&quot;:&quot;0&quot;,&quot;iso&quot;:&quot;0&quot;,&quot;shutter_speed&quot;:&quot;0&quot;,&quot;title&quot;:&quot;&quot;,&quot;orientation&quot;:&quot;0&quot;}\" data-image-title=\"wgt23c\" data-image-description=\"\" data-image-caption=\"\" data-large-file=\"https:\/\/i0.wp.com\/wilhelmsdorf-evangelisch.de\/wp-content\/uploads\/2023\/03\/wgt23c.jpg?fit=735%2C348&amp;ssl=1\" data-attachment-id=\"5581\" data-permalink=\"https:\/\/wilhelmsdorf-evangelisch.de\/?attachment_id=5581\" data-orig-file=\"https:\/\/i0.wp.com\/wilhelmsdorf-evangelisch.de\/wp-content\/uploads\/2023\/03\/wgt23c.jpg?fit=2048%2C970&amp;ssl=1\" data-orig-size=\"2048,970\" data-comments-opened=\"0\" data-image-meta=\"{&quot;aperture&quot;:&quot;0&quot;,&quot;credit&quot;:&quot;&quot;,&quot;camera&quot;:&quot;&quot;,&quot;caption&quot;:&quot;&quot;,&quot;created_timestamp&quot;:&quot;0&quot;,&quot;copyright&quot;:&quot;&quot;,&quot;focal_length&quot;:&quot;0&quot;,&quot;iso&quot;:&quot;0&quot;,&quot;shutter_speed&quot;:&quot;0&quot;,&quot;title&quot;:&quot;&quot;,&quot;orientation&quot;:&quot;0&quot;}\" data-image-title=\"wgt23c\" data-image-description=\"\" data-image-caption=\"\" data-large-file=\"https:\/\/i0.wp.com\/wilhelmsdorf-evangelisch.de\/wp-content\/uploads\/2023\/03\/wgt23c.jpg?fit=735%2C348&amp;ssl=1\" role=\"button\" tabindex=\"0\" aria-label=\"Bild\u00a02 von 4 im Vollbildmodus \u00f6ffnen\"data-srcset=\"https:\/\/i2.wp.com\/wilhelmsdorf-evangelisch.de\/wp-content\/uploads\/2023\/03\/wgt23c-1024x485.jpg?strip=info&#038;w=600&#038;ssl=1 600w,https:\/\/i2.wp.com\/wilhelmsdorf-evangelisch.de\/wp-content\/uploads\/2023\/03\/wgt23c-1024x485.jpg?strip=info&#038;w=900&#038;ssl=1 900w,https:\/\/i2.wp.com\/wilhelmsdorf-evangelisch.de\/wp-content\/uploads\/2023\/03\/wgt23c-1024x485.jpg?strip=info&#038;w=1200&#038;ssl=1 1200w,https:\/\/i2.wp.com\/wilhelmsdorf-evangelisch.de\/wp-content\/uploads\/2023\/03\/wgt23c-1024x485.jpg?strip=info&#038;w=1500&#038;ssl=1 1500w,https:\/\/i2.wp.com\/wilhelmsdorf-evangelisch.de\/wp-content\/uploads\/2023\/03\/wgt23c-1024x485.jpg?strip=info&#038;w=1800&#038;ssl=1 1800w,https:\/\/i2.wp.com\/wilhelmsdorf-evangelisch.de\/wp-content\/uploads\/2023\/03\/wgt23c-1024x485.jpg?strip=info&#038;w=2000&#038;ssl=1 2000w\" alt=\"\" data-height=\"970\" data-id=\"5581\" data-link=\"https:\/\/wilhelmsdorf-evangelisch.de\/?attachment_id=5581\" data-url=\"https:\/\/wilhelmsdorf-evangelisch.de\/wp-content\/uploads\/2023\/03\/wgt23c-1024x485.jpg\" data-width=\"2048\" data-src=\"https:\/\/i2.wp.com\/wilhelmsdorf-evangelisch.de\/wp-content\/uploads\/2023\/03\/wgt23c-1024x485.jpg?ssl=1\" data-amp-layout=\"responsive\" src=\"data:image\/svg+xml;base64,PHN2ZyB3aWR0aD0iMSIgaGVpZ2h0PSIxIiB4bWxucz0iaHR0cDovL3d3dy53My5vcmcvMjAwMC9zdmciPjwvc3ZnPg==\" class=\"lazyload\" style=\"--smush-placeholder-width: 1024px; --smush-placeholder-aspect-ratio: 1024\/485;\" \/><\/a><\/figure><\/div><div class=\"tiled-gallery__col\" style=\"flex-basis:30.95695%\"><figure class=\"tiled-gallery__item\"><a href=\"https:\/\/wilhelmsdorf-evangelisch.de\/?attachment_id=5582\"><img decoding=\"async\" data-attachment-id=\"5582\" data-permalink=\"https:\/\/wilhelmsdorf-evangelisch.de\/?attachment_id=5582\" data-orig-file=\"https:\/\/i0.wp.com\/wilhelmsdorf-evangelisch.de\/wp-content\/uploads\/2023\/03\/wgt23d.jpg?fit=2048%2C970&amp;ssl=1\" data-orig-size=\"2048,970\" data-comments-opened=\"0\" data-image-meta=\"{&quot;aperture&quot;:&quot;0&quot;,&quot;credit&quot;:&quot;&quot;,&quot;camera&quot;:&quot;&quot;,&quot;caption&quot;:&quot;&quot;,&quot;created_timestamp&quot;:&quot;0&quot;,&quot;copyright&quot;:&quot;&quot;,&quot;focal_length&quot;:&quot;0&quot;,&quot;iso&quot;:&quot;0&quot;,&quot;shutter_speed&quot;:&quot;0&quot;,&quot;title&quot;:&quot;&quot;,&quot;orientation&quot;:&quot;0&quot;}\" data-image-title=\"wgt23d\" data-image-description=\"\" data-image-caption=\"\" data-large-file=\"https:\/\/i0.wp.com\/wilhelmsdorf-evangelisch.de\/wp-content\/uploads\/2023\/03\/wgt23d.jpg?fit=735%2C348&amp;ssl=1\" data-attachment-id=\"5582\" data-permalink=\"https:\/\/wilhelmsdorf-evangelisch.de\/?attachment_id=5582\" data-orig-file=\"https:\/\/i0.wp.com\/wilhelmsdorf-evangelisch.de\/wp-content\/uploads\/2023\/03\/wgt23d.jpg?fit=2048%2C970&amp;ssl=1\" data-orig-size=\"2048,970\" data-comments-opened=\"0\" data-image-meta=\"{&quot;aperture&quot;:&quot;0&quot;,&quot;credit&quot;:&quot;&quot;,&quot;camera&quot;:&quot;&quot;,&quot;caption&quot;:&quot;&quot;,&quot;created_timestamp&quot;:&quot;0&quot;,&quot;copyright&quot;:&quot;&quot;,&quot;focal_length&quot;:&quot;0&quot;,&quot;iso&quot;:&quot;0&quot;,&quot;shutter_speed&quot;:&quot;0&quot;,&quot;title&quot;:&quot;&quot;,&quot;orientation&quot;:&quot;0&quot;}\" data-image-title=\"wgt23d\" data-image-description=\"\" data-image-caption=\"\" data-large-file=\"https:\/\/i0.wp.com\/wilhelmsdorf-evangelisch.de\/wp-content\/uploads\/2023\/03\/wgt23d.jpg?fit=735%2C348&amp;ssl=1\" role=\"button\" tabindex=\"0\" aria-label=\"Bild\u00a03 von 4 im Vollbildmodus \u00f6ffnen\"data-srcset=\"https:\/\/i2.wp.com\/wilhelmsdorf-evangelisch.de\/wp-content\/uploads\/2023\/03\/wgt23d-1024x485.jpg?strip=info&#038;w=600&#038;ssl=1 600w,https:\/\/i2.wp.com\/wilhelmsdorf-evangelisch.de\/wp-content\/uploads\/2023\/03\/wgt23d-1024x485.jpg?strip=info&#038;w=900&#038;ssl=1 900w,https:\/\/i2.wp.com\/wilhelmsdorf-evangelisch.de\/wp-content\/uploads\/2023\/03\/wgt23d-1024x485.jpg?strip=info&#038;w=1200&#038;ssl=1 1200w,https:\/\/i2.wp.com\/wilhelmsdorf-evangelisch.de\/wp-content\/uploads\/2023\/03\/wgt23d-1024x485.jpg?strip=info&#038;w=1500&#038;ssl=1 1500w,https:\/\/i2.wp.com\/wilhelmsdorf-evangelisch.de\/wp-content\/uploads\/2023\/03\/wgt23d-1024x485.jpg?strip=info&#038;w=1800&#038;ssl=1 1800w,https:\/\/i2.wp.com\/wilhelmsdorf-evangelisch.de\/wp-content\/uploads\/2023\/03\/wgt23d-1024x485.jpg?strip=info&#038;w=2000&#038;ssl=1 2000w\" alt=\"\" data-height=\"970\" data-id=\"5582\" data-link=\"https:\/\/wilhelmsdorf-evangelisch.de\/?attachment_id=5582\" data-url=\"https:\/\/wilhelmsdorf-evangelisch.de\/wp-content\/uploads\/2023\/03\/wgt23d-1024x485.jpg\" data-width=\"2048\" data-src=\"https:\/\/i2.wp.com\/wilhelmsdorf-evangelisch.de\/wp-content\/uploads\/2023\/03\/wgt23d-1024x485.jpg?ssl=1\" data-amp-layout=\"responsive\" src=\"data:image\/svg+xml;base64,PHN2ZyB3aWR0aD0iMSIgaGVpZ2h0PSIxIiB4bWxucz0iaHR0cDovL3d3dy53My5vcmcvMjAwMC9zdmciPjwvc3ZnPg==\" class=\"lazyload\" style=\"--smush-placeholder-width: 1024px; --smush-placeholder-aspect-ratio: 1024\/485;\" \/><\/a><\/figure><\/div><div class=\"tiled-gallery__col\" style=\"flex-basis:30.95695%\"><figure class=\"tiled-gallery__item\"><a href=\"https:\/\/wilhelmsdorf-evangelisch.de\/?attachment_id=5583\"><img decoding=\"async\" data-attachment-id=\"5583\" data-permalink=\"https:\/\/wilhelmsdorf-evangelisch.de\/?attachment_id=5583\" data-orig-file=\"https:\/\/i0.wp.com\/wilhelmsdorf-evangelisch.de\/wp-content\/uploads\/2023\/03\/wgt23a.jpg?fit=2048%2C970&amp;ssl=1\" data-orig-size=\"2048,970\" data-comments-opened=\"0\" data-image-meta=\"{&quot;aperture&quot;:&quot;0&quot;,&quot;credit&quot;:&quot;&quot;,&quot;camera&quot;:&quot;&quot;,&quot;caption&quot;:&quot;&quot;,&quot;created_timestamp&quot;:&quot;0&quot;,&quot;copyright&quot;:&quot;&quot;,&quot;focal_length&quot;:&quot;0&quot;,&quot;iso&quot;:&quot;0&quot;,&quot;shutter_speed&quot;:&quot;0&quot;,&quot;title&quot;:&quot;&quot;,&quot;orientation&quot;:&quot;0&quot;}\" data-image-title=\"wgt23a\" data-image-description=\"\" data-image-caption=\"\" data-large-file=\"https:\/\/i0.wp.com\/wilhelmsdorf-evangelisch.de\/wp-content\/uploads\/2023\/03\/wgt23a.jpg?fit=735%2C348&amp;ssl=1\" data-attachment-id=\"5583\" data-permalink=\"https:\/\/wilhelmsdorf-evangelisch.de\/?attachment_id=5583\" data-orig-file=\"https:\/\/i0.wp.com\/wilhelmsdorf-evangelisch.de\/wp-content\/uploads\/2023\/03\/wgt23a.jpg?fit=2048%2C970&amp;ssl=1\" data-orig-size=\"2048,970\" data-comments-opened=\"0\" data-image-meta=\"{&quot;aperture&quot;:&quot;0&quot;,&quot;credit&quot;:&quot;&quot;,&quot;camera&quot;:&quot;&quot;,&quot;caption&quot;:&quot;&quot;,&quot;created_timestamp&quot;:&quot;0&quot;,&quot;copyright&quot;:&quot;&quot;,&quot;focal_length&quot;:&quot;0&quot;,&quot;iso&quot;:&quot;0&quot;,&quot;shutter_speed&quot;:&quot;0&quot;,&quot;title&quot;:&quot;&quot;,&quot;orientation&quot;:&quot;0&quot;}\" data-image-title=\"wgt23a\" data-image-description=\"\" data-image-caption=\"\" data-large-file=\"https:\/\/i0.wp.com\/wilhelmsdorf-evangelisch.de\/wp-content\/uploads\/2023\/03\/wgt23a.jpg?fit=735%2C348&amp;ssl=1\" role=\"button\" tabindex=\"0\" aria-label=\"Bild\u00a04 von 4 im Vollbildmodus \u00f6ffnen\"data-srcset=\"https:\/\/i2.wp.com\/wilhelmsdorf-evangelisch.de\/wp-content\/uploads\/2023\/03\/wgt23a-1024x485.jpg?strip=info&#038;w=600&#038;ssl=1 600w,https:\/\/i2.wp.com\/wilhelmsdorf-evangelisch.de\/wp-content\/uploads\/2023\/03\/wgt23a-1024x485.jpg?strip=info&#038;w=900&#038;ssl=1 900w,https:\/\/i2.wp.com\/wilhelmsdorf-evangelisch.de\/wp-content\/uploads\/2023\/03\/wgt23a-1024x485.jpg?strip=info&#038;w=1200&#038;ssl=1 1200w,https:\/\/i2.wp.com\/wilhelmsdorf-evangelisch.de\/wp-content\/uploads\/2023\/03\/wgt23a-1024x485.jpg?strip=info&#038;w=1500&#038;ssl=1 1500w,https:\/\/i2.wp.com\/wilhelmsdorf-evangelisch.de\/wp-content\/uploads\/2023\/03\/wgt23a-1024x485.jpg?strip=info&#038;w=1800&#038;ssl=1 1800w,https:\/\/i2.wp.com\/wilhelmsdorf-evangelisch.de\/wp-content\/uploads\/2023\/03\/wgt23a-1024x485.jpg?strip=info&#038;w=2000&#038;ssl=1 2000w\" alt=\"\" data-height=\"970\" data-id=\"5583\" data-link=\"https:\/\/wilhelmsdorf-evangelisch.de\/?attachment_id=5583\" data-url=\"https:\/\/wilhelmsdorf-evangelisch.de\/wp-content\/uploads\/2023\/03\/wgt23a-1024x485.jpg\" data-width=\"2048\" data-src=\"https:\/\/i2.wp.com\/wilhelmsdorf-evangelisch.de\/wp-content\/uploads\/2023\/03\/wgt23a-1024x485.jpg?ssl=1\" data-amp-layout=\"responsive\" src=\"data:image\/svg+xml;base64,PHN2ZyB3aWR0aD0iMSIgaGVpZ2h0PSIxIiB4bWxucz0iaHR0cDovL3d3dy53My5vcmcvMjAwMC9zdmciPjwvc3ZnPg==\" class=\"lazyload\" style=\"--smush-placeholder-width: 1024px; --smush-placeholder-aspect-ratio: 1024\/485;\" \/><\/a><\/figure><\/div><\/div><\/div><\/div>\n\n\n\n<p><\/p>\n\n\n\n<p><\/p>\n\n\n\n<figure class=\"wp-block-image size-large\"><img data-recalc-dims=\"1\" decoding=\"async\" width=\"724\" height=\"1024\" data-attachment-id=\"5545\" data-permalink=\"https:\/\/wilhelmsdorf-evangelisch.de\/?attachment_id=5545\" data-orig-file=\"https:\/\/i0.wp.com\/wilhelmsdorf-evangelisch.de\/wp-content\/uploads\/2023\/02\/Seite-5-WGT_titelbild_2023_print-scaled.jpg?fit=1448%2C2048&amp;ssl=1\" data-orig-size=\"1448,2048\" data-comments-opened=\"0\" data-image-meta=\"{&quot;aperture&quot;:&quot;0&quot;,&quot;credit&quot;:&quot;&quot;,&quot;camera&quot;:&quot;&quot;,&quot;caption&quot;:&quot;&quot;,&quot;created_timestamp&quot;:&quot;0&quot;,&quot;copyright&quot;:&quot;&quot;,&quot;focal_length&quot;:&quot;0&quot;,&quot;iso&quot;:&quot;0&quot;,&quot;shutter_speed&quot;:&quot;0&quot;,&quot;title&quot;:&quot;&quot;,&quot;orientation&quot;:&quot;1&quot;}\" data-image-title=\"Seite-5-WGT_titelbild_2023_print\" data-image-description=\"\" data-image-caption=\"\" data-large-file=\"https:\/\/i0.wp.com\/wilhelmsdorf-evangelisch.de\/wp-content\/uploads\/2023\/02\/Seite-5-WGT_titelbild_2023_print-scaled.jpg?fit=724%2C1024&amp;ssl=1\" data-src=\"https:\/\/i0.wp.com\/wilhelmsdorf-evangelisch.de\/wp-content\/uploads\/2023\/02\/Seite-5-WGT_titelbild_2023_print.jpg?resize=724%2C1024&#038;ssl=1\" alt=\"\" class=\"wp-image-5545 lazyload\" data-srcset=\"https:\/\/i0.wp.com\/wilhelmsdorf-evangelisch.de\/wp-content\/uploads\/2023\/02\/Seite-5-WGT_titelbild_2023_print-scaled.jpg?resize=724%2C1024&amp;ssl=1 724w, https:\/\/i0.wp.com\/wilhelmsdorf-evangelisch.de\/wp-content\/uploads\/2023\/02\/Seite-5-WGT_titelbild_2023_print-scaled.jpg?resize=212%2C300&amp;ssl=1 212w, https:\/\/i0.wp.com\/wilhelmsdorf-evangelisch.de\/wp-content\/uploads\/2023\/02\/Seite-5-WGT_titelbild_2023_print-scaled.jpg?resize=768%2C1086&amp;ssl=1 768w, https:\/\/i0.wp.com\/wilhelmsdorf-evangelisch.de\/wp-content\/uploads\/2023\/02\/Seite-5-WGT_titelbild_2023_print-scaled.jpg?resize=1086%2C1536&amp;ssl=1 1086w, https:\/\/i0.wp.com\/wilhelmsdorf-evangelisch.de\/wp-content\/uploads\/2023\/02\/Seite-5-WGT_titelbild_2023_print-scaled.jpg?w=1448&amp;ssl=1 1448w\" data-sizes=\"(max-width: 724px) 100vw, 724px\" src=\"data:image\/svg+xml;base64,PHN2ZyB3aWR0aD0iMSIgaGVpZ2h0PSIxIiB4bWxucz0iaHR0cDovL3d3dy53My5vcmcvMjAwMC9zdmciPjwvc3ZnPg==\" style=\"--smush-placeholder-width: 724px; --smush-placeholder-aspect-ratio: 724\/1024;\" \/><\/figure>\n","protected":false},"excerpt":{"rendered":"<p>\u201eGlaube bewegt\u201c: So lautet der offizielle deutsche Titel des Weltgebetstages 2023 aus Taiwan.<\/p>\n","protected":false},"author":1,"featured_media":5583,"comment_status":"closed","ping_status":"open","sticky":false,"template":"","format":"standard","meta":{"_jetpack_newsletter_access":"","_jetpack_dont_email_post_to_subs":false,"_jetpack_newsletter_tier_id":0,"_jetpack_memberships_contains_paywalled_content":false,"_jetpack_memberships_contains_paid_content":false,"footnotes":""},"categories":[1],"tags":[],"class_list":["post-5544","post","type-post","status-publish","format-standard","has-post-thumbnail","hentry","category-uncategorized"],"jetpack_featured_media_url":"https:\/\/i0.wp.com\/wilhelmsdorf-evangelisch.de\/wp-content\/uploads\/2023\/03\/wgt23a.jpg?fit=2048%2C970&ssl=1","jetpack_sharing_enabled":true,"jetpack_shortlink":"https:\/\/wp.me\/p8teGU-1rq","_links":{"self":[{"href":"https:\/\/wilhelmsdorf-evangelisch.de\/index.php?rest_route=\/wp\/v2\/posts\/5544","targetHints":{"allow":["GET"]}}],"collection":[{"href":"https:\/\/wilhelmsdorf-evangelisch.de\/index.php?rest_route=\/wp\/v2\/posts"}],"about":[{"href":"https:\/\/wilhelmsdorf-evangelisch.de\/index.php?rest_route=\/wp\/v2\/types\/post"}],"author":[{"embeddable":true,"href":"https:\/\/wilhelmsdorf-evangelisch.de\/index.php?rest_route=\/wp\/v2\/users\/1"}],"replies":[{"embeddable":true,"href":"https:\/\/wilhelmsdorf-evangelisch.de\/index.php?rest_route=%2Fwp%2Fv2%2Fcomments&post=5544"}],"version-history":[{"count":3,"href":"https:\/\/wilhelmsdorf-evangelisch.de\/index.php?rest_route=\/wp\/v2\/posts\/5544\/revisions"}],"predecessor-version":[{"id":5587,"href":"https:\/\/wilhelmsdorf-evangelisch.de\/index.php?rest_route=\/wp\/v2\/posts\/5544\/revisions\/5587"}],"wp:featuredmedia":[{"embeddable":true,"href":"https:\/\/wilhelmsdorf-evangelisch.de\/index.php?rest_route=\/wp\/v2\/media\/5583"}],"wp:attachment":[{"href":"https:\/\/wilhelmsdorf-evangelisch.de\/index.php?rest_route=%2Fwp%2Fv2%2Fmedia&parent=5544"}],"wp:term":[{"taxonomy":"category","embeddable":true,"href":"https:\/\/wilhelmsdorf-evangelisch.de\/index.php?rest_route=%2Fwp%2Fv2%2Fcategories&post=5544"},{"taxonomy":"post_tag","embeddable":true,"href":"https:\/\/wilhelmsdorf-evangelisch.de\/index.php?rest_route=%2Fwp%2Fv2%2Ftags&post=5544"}],"curies":[{"name":"wp","href":"https:\/\/api.w.org\/{rel}","templated":true}]}}