{"id":5539,"date":"2023-02-13T12:55:56","date_gmt":"2023-02-13T11:55:56","guid":{"rendered":"https:\/\/wilhelmsdorf-evangelisch.de\/?p=5539"},"modified":"2023-04-20T11:29:37","modified_gmt":"2023-04-20T09:29:37","slug":"videonadacht-vom-michel-aus-loenneberga-lernen","status":"publish","type":"post","link":"https:\/\/wilhelmsdorf-evangelisch.de\/?p=5539","title":{"rendered":"Videoandacht: Vom Michel aus L\u00f6nneberga lernen"},"content":{"rendered":"\n<p>Bei \u201eMichel aus L\u00f6nneberga\u201c denken wir vor allem an seine legend\u00e4ren Streiche. Aber meist hat er es gar nicht b\u00f6se gemeint, sondern manche seiner kreativen Ideen sind einfach anders ausgegangen, als er es geplant hatte. So etwas das passiert nicht nur dem Michel als L\u00f6nneberga.<br>Pfarrer Seidel denkt dar\u00fcber nach: Es geh\u00f6rt zum Menschsein einfach dazu, dass wir handeln \u2013 und dass dabei Fehler passieren.<\/p>\n\n\n\n<figure class=\"wp-block-embed is-type-video is-provider-youtube wp-block-embed-youtube wp-embed-aspect-16-9 wp-has-aspect-ratio\"><div class=\"wp-block-embed__wrapper\">\n<div  id=\"_ytid_21220\" class=\"__youtube_prefs__  __youtube_prefs_gdpr__  epyt-is-override \" allowfullscreen data-no-lazy=\"1\" data-skipgform_ajax_framebjll=\"\"><p><strong>Um Youtube-Videos anzusehen ist es erforderlich, entsprechende Cookies zu akzeptieren.<br \/>\n<\/strong>\u00a0By accepting you will be accessing content from YouTube, a service provided by an external third party.<\/p>\n<p><a href=\"https:\/\/policies.google.com\/privacy\" target=\"_blank\" rel=\"noopener\">YouTube privacy policy<\/a><\/p>\n<p>Wenn Sie zustimmen, wird ihre Zustimmung gespeichert, und die seite mit dem Video geladen.<\/p>\n<button type=\"button\" class=\"__youtube_prefs_gdpr__\">Accept YouTube Content\/ Akzeptieren<img data-recalc-dims=\"1\" decoding=\"async\" src=\"https:\/\/i0.wp.com\/wilhelmsdorf-evangelisch.de\/wp-content\/plugins\/youtube-embed-plus\/images\/icon-check.png?w=735&#038;ssl=1\" alt=\"accept\" data-no-lazy=\"1\" data-skipgform_ajax_framebjll=\"\" \/><\/button><\/div>\n<\/div><\/figure>\n","protected":false},"excerpt":{"rendered":"<p>Bei \u201eMichel aus L\u00f6nneberga\u201c denken wir vor allem an seine legend\u00e4ren Streiche. Pfarrer Seidel denkt dar\u00fcber nach: Es geh\u00f6rt zum Menschsein einfach dazu, dass wir handeln \u2013 und dass dabei Fehler passieren.<\/p>\n","protected":false},"author":1,"featured_media":5540,"comment_status":"closed","ping_status":"open","sticky":false,"template":"","format":"standard","meta":{"_jetpack_newsletter_access":"","_jetpack_dont_email_post_to_subs":false,"_jetpack_newsletter_tier_id":0,"_jetpack_memberships_contains_paywalled_content":false,"_jetpack_memberships_contains_paid_content":false,"footnotes":""},"categories":[26],"tags":[],"class_list":["post-5539","post","type-post","status-publish","format-standard","has-post-thumbnail","hentry","category-videoandachten"],"jetpack_featured_media_url":"https:\/\/i0.wp.com\/wilhelmsdorf-evangelisch.de\/wp-content\/uploads\/2023\/02\/Snapshot_104.jpg?fit=1920%2C1080&ssl=1","jetpack_sharing_enabled":true,"jetpack_shortlink":"https:\/\/wp.me\/p8teGU-1rl","_links":{"self":[{"href":"https:\/\/wilhelmsdorf-evangelisch.de\/index.php?rest_route=\/wp\/v2\/posts\/5539","targetHints":{"allow":["GET"]}}],"collection":[{"href":"https:\/\/wilhelmsdorf-evangelisch.de\/index.php?rest_route=\/wp\/v2\/posts"}],"about":[{"href":"https:\/\/wilhelmsdorf-evangelisch.de\/index.php?rest_route=\/wp\/v2\/types\/post"}],"author":[{"embeddable":true,"href":"https:\/\/wilhelmsdorf-evangelisch.de\/index.php?rest_route=\/wp\/v2\/users\/1"}],"replies":[{"embeddable":true,"href":"https:\/\/wilhelmsdorf-evangelisch.de\/index.php?rest_route=%2Fwp%2Fv2%2Fcomments&post=5539"}],"version-history":[{"count":3,"href":"https:\/\/wilhelmsdorf-evangelisch.de\/index.php?rest_route=\/wp\/v2\/posts\/5539\/revisions"}],"predecessor-version":[{"id":5543,"href":"https:\/\/wilhelmsdorf-evangelisch.de\/index.php?rest_route=\/wp\/v2\/posts\/5539\/revisions\/5543"}],"wp:featuredmedia":[{"embeddable":true,"href":"https:\/\/wilhelmsdorf-evangelisch.de\/index.php?rest_route=\/wp\/v2\/media\/5540"}],"wp:attachment":[{"href":"https:\/\/wilhelmsdorf-evangelisch.de\/index.php?rest_route=%2Fwp%2Fv2%2Fmedia&parent=5539"}],"wp:term":[{"taxonomy":"category","embeddable":true,"href":"https:\/\/wilhelmsdorf-evangelisch.de\/index.php?rest_route=%2Fwp%2Fv2%2Fcategories&post=5539"},{"taxonomy":"post_tag","embeddable":true,"href":"https:\/\/wilhelmsdorf-evangelisch.de\/index.php?rest_route=%2Fwp%2Fv2%2Ftags&post=5539"}],"curies":[{"name":"wp","href":"https:\/\/api.w.org\/{rel}","templated":true}]}}