{"id":4977,"date":"2022-05-06T09:51:40","date_gmt":"2022-05-06T07:51:40","guid":{"rendered":"https:\/\/wilhelmsdorf-evangelisch.de\/?p=4977"},"modified":"2022-05-30T09:56:54","modified_gmt":"2022-05-30T07:56:54","slug":"konfirmandenkurs-ist-wieder-gestartet-jetzt-in-regionaler-zusammenarbeit","status":"publish","type":"post","link":"https:\/\/wilhelmsdorf-evangelisch.de\/?p=4977","title":{"rendered":"Konfirmandenkurs ist wieder gestartet &#8211; jetzt in regionaler Zusammenarbeit"},"content":{"rendered":"\n<p>Anfang Mai ist unser Konfirmandenkurs wieder gestartet. In den ersten beiden Einheiten besch\u00e4ftigen wir uns mit der Bibel: Wie ist sie entstanden? Wie finde ich eine bestimmte Bibelstelle? Welche Bibel\u00fcbersetzung verstehe ich am besten?<\/p>\n\n\n\n<p>Ab sofort arbeiten wir in der Region Ost in der Konfirmandenarbeit verst\u00e4rkt zusammen. Die Pfarreien Hagenb\u00fcchach, Emskirchen und Wilhelmsdorf\/Brunn werden vier gemeinsame Konfirmanden-Tage gestalten. Au\u00dferdem fahren wir gemeinsam auf das Fishlife-Zeltlager und die Konfirmandenfreizeit in Creglingen. Verantwortlich sind f\u00fcr Emskirchen die Religionsp\u00e4dagogin Lisa W\u00f6rner, in den beiden kleinen Pfarreien Pfarrerin Bogend\u00f6rfer und Pfarrer Seidel.<br><\/p>\n\n\n\n<figure class=\"wp-block-image size-large\"><img data-recalc-dims=\"1\" decoding=\"async\" width=\"735\" height=\"413\" data-attachment-id=\"4978\" data-permalink=\"https:\/\/wilhelmsdorf-evangelisch.de\/?attachment_id=4978\" data-orig-file=\"https:\/\/i0.wp.com\/wilhelmsdorf-evangelisch.de\/wp-content\/uploads\/2022\/05\/20220504_180557-scaled.jpg?fit=2048%2C1152&amp;ssl=1\" data-orig-size=\"2048,1152\" data-comments-opened=\"0\" data-image-meta=\"{&quot;aperture&quot;:&quot;1.8&quot;,&quot;credit&quot;:&quot;&quot;,&quot;camera&quot;:&quot;SM-G991B&quot;,&quot;caption&quot;:&quot;&quot;,&quot;created_timestamp&quot;:&quot;1651687558&quot;,&quot;copyright&quot;:&quot;&quot;,&quot;focal_length&quot;:&quot;5.4&quot;,&quot;iso&quot;:&quot;50&quot;,&quot;shutter_speed&quot;:&quot;0.0056818181818182&quot;,&quot;title&quot;:&quot;&quot;,&quot;orientation&quot;:&quot;1&quot;}\" data-image-title=\"20220504_180557\" data-image-description=\"\" data-image-caption=\"\" data-large-file=\"https:\/\/i0.wp.com\/wilhelmsdorf-evangelisch.de\/wp-content\/uploads\/2022\/05\/20220504_180557-scaled.jpg?fit=735%2C413&amp;ssl=1\" data-src=\"https:\/\/i0.wp.com\/wilhelmsdorf-evangelisch.de\/wp-content\/uploads\/2022\/05\/20220504_180557.jpg?resize=735%2C413&#038;ssl=1\" alt=\"\" class=\"wp-image-4978 lazyload\" data-srcset=\"https:\/\/i0.wp.com\/wilhelmsdorf-evangelisch.de\/wp-content\/uploads\/2022\/05\/20220504_180557-scaled.jpg?resize=1024%2C576&amp;ssl=1 1024w, https:\/\/i0.wp.com\/wilhelmsdorf-evangelisch.de\/wp-content\/uploads\/2022\/05\/20220504_180557-scaled.jpg?resize=300%2C169&amp;ssl=1 300w, https:\/\/i0.wp.com\/wilhelmsdorf-evangelisch.de\/wp-content\/uploads\/2022\/05\/20220504_180557-scaled.jpg?resize=768%2C432&amp;ssl=1 768w, https:\/\/i0.wp.com\/wilhelmsdorf-evangelisch.de\/wp-content\/uploads\/2022\/05\/20220504_180557-scaled.jpg?resize=1536%2C864&amp;ssl=1 1536w, https:\/\/i0.wp.com\/wilhelmsdorf-evangelisch.de\/wp-content\/uploads\/2022\/05\/20220504_180557-scaled.jpg?w=2048&amp;ssl=1 2048w, https:\/\/i0.wp.com\/wilhelmsdorf-evangelisch.de\/wp-content\/uploads\/2022\/05\/20220504_180557-scaled.jpg?w=1470&amp;ssl=1 1470w\" data-sizes=\"(max-width: 735px) 100vw, 735px\" src=\"data:image\/svg+xml;base64,PHN2ZyB3aWR0aD0iMSIgaGVpZ2h0PSIxIiB4bWxucz0iaHR0cDovL3d3dy53My5vcmcvMjAwMC9zdmciPjwvc3ZnPg==\" style=\"--smush-placeholder-width: 735px; --smush-placeholder-aspect-ratio: 735\/413;\" \/><\/figure>\n","protected":false},"excerpt":{"rendered":"<p>Anfang Mai ist unser Konfirmandenkurs wieder gestartet. In den ersten beiden Einheiten besch\u00e4ftigen wir uns mit der Bibel: Wie ist sie entstanden? Wie finde ich eine bestimmte Bibelstelle? Welche Bibel\u00fcbersetzung verstehe ich am besten?<\/p>\n","protected":false},"author":1,"featured_media":4978,"comment_status":"closed","ping_status":"open","sticky":false,"template":"","format":"standard","meta":{"_jetpack_newsletter_access":"","_jetpack_dont_email_post_to_subs":false,"_jetpack_newsletter_tier_id":0,"_jetpack_memberships_contains_paywalled_content":false,"_jetpack_memberships_contains_paid_content":false,"footnotes":""},"categories":[8],"tags":[],"class_list":["post-4977","post","type-post","status-publish","format-standard","has-post-thumbnail","hentry","category-berichte"],"jetpack_featured_media_url":"https:\/\/i0.wp.com\/wilhelmsdorf-evangelisch.de\/wp-content\/uploads\/2022\/05\/20220504_180557-scaled.jpg?fit=2048%2C1152&ssl=1","jetpack_sharing_enabled":true,"jetpack_shortlink":"https:\/\/wp.me\/p8teGU-1ih","_links":{"self":[{"href":"https:\/\/wilhelmsdorf-evangelisch.de\/index.php?rest_route=\/wp\/v2\/posts\/4977","targetHints":{"allow":["GET"]}}],"collection":[{"href":"https:\/\/wilhelmsdorf-evangelisch.de\/index.php?rest_route=\/wp\/v2\/posts"}],"about":[{"href":"https:\/\/wilhelmsdorf-evangelisch.de\/index.php?rest_route=\/wp\/v2\/types\/post"}],"author":[{"embeddable":true,"href":"https:\/\/wilhelmsdorf-evangelisch.de\/index.php?rest_route=\/wp\/v2\/users\/1"}],"replies":[{"embeddable":true,"href":"https:\/\/wilhelmsdorf-evangelisch.de\/index.php?rest_route=%2Fwp%2Fv2%2Fcomments&post=4977"}],"version-history":[{"count":2,"href":"https:\/\/wilhelmsdorf-evangelisch.de\/index.php?rest_route=\/wp\/v2\/posts\/4977\/revisions"}],"predecessor-version":[{"id":4980,"href":"https:\/\/wilhelmsdorf-evangelisch.de\/index.php?rest_route=\/wp\/v2\/posts\/4977\/revisions\/4980"}],"wp:featuredmedia":[{"embeddable":true,"href":"https:\/\/wilhelmsdorf-evangelisch.de\/index.php?rest_route=\/wp\/v2\/media\/4978"}],"wp:attachment":[{"href":"https:\/\/wilhelmsdorf-evangelisch.de\/index.php?rest_route=%2Fwp%2Fv2%2Fmedia&parent=4977"}],"wp:term":[{"taxonomy":"category","embeddable":true,"href":"https:\/\/wilhelmsdorf-evangelisch.de\/index.php?rest_route=%2Fwp%2Fv2%2Fcategories&post=4977"},{"taxonomy":"post_tag","embeddable":true,"href":"https:\/\/wilhelmsdorf-evangelisch.de\/index.php?rest_route=%2Fwp%2Fv2%2Ftags&post=4977"}],"curies":[{"name":"wp","href":"https:\/\/api.w.org\/{rel}","templated":true}]}}