{"id":4846,"date":"2022-02-18T20:07:43","date_gmt":"2022-02-18T19:07:43","guid":{"rendered":"https:\/\/wilhelmsdorf-evangelisch.de\/?p=4846"},"modified":"2022-02-23T16:07:34","modified_gmt":"2022-02-23T15:07:34","slug":"livestream-gottesdienst-am-22-februar-22","status":"publish","type":"post","link":"https:\/\/wilhelmsdorf-evangelisch.de\/?p=4846","title":{"rendered":"Aufzeichnung: Gottesdienst am 20. Februar 2022"},"content":{"rendered":"\n<p>Gottesdienst am 20. Februar 2020 &#8211; 9:00 Uhr aus Wilhelmsdorf:<br>Pfarrer Seidel predigt \u00fcber Hebr\u00e4er 4, 12-13 Gottes Wort: Lebendig und kr\u00e4ftig und sch\u00e4rfer<\/p>\n\n\n\n<figure class=\"wp-block-embed is-type-video is-provider-youtube wp-block-embed-youtube wp-embed-aspect-16-9 wp-has-aspect-ratio\"><div class=\"wp-block-embed__wrapper\">\n<div  id=\"_ytid_55080\" class=\"__youtube_prefs__  __youtube_prefs_gdpr__  epyt-is-override \" allowfullscreen data-no-lazy=\"1\" data-skipgform_ajax_framebjll=\"\"><p><strong>Um Youtube-Videos anzusehen ist es erforderlich, entsprechende Cookies zu akzeptieren.<br \/>\n<\/strong>\u00a0By accepting you will be accessing content from YouTube, a service provided by an external third party.<\/p>\n<p><a href=\"https:\/\/policies.google.com\/privacy\" target=\"_blank\" rel=\"noopener\">YouTube privacy policy<\/a><\/p>\n<p>Wenn Sie zustimmen, wird ihre Zustimmung gespeichert, und die seite mit dem Video geladen.<\/p>\n<button type=\"button\" class=\"__youtube_prefs_gdpr__\">Accept YouTube Content\/ Akzeptieren<img data-recalc-dims=\"1\" decoding=\"async\" src=\"https:\/\/i0.wp.com\/wilhelmsdorf-evangelisch.de\/wp-content\/plugins\/youtube-embed-plus\/images\/icon-check.png?w=735&#038;ssl=1\" alt=\"accept\" data-no-lazy=\"1\" data-skipgform_ajax_framebjll=\"\" \/><\/button><\/div>\n<\/div><\/figure>\n\n\n\n<p>Wir singen folgende Lieder:<\/p>\n\n\n\n<p>454 1-6 Auf und macht die Herzen weit<br>Intr. 801.5<br>196 1,2,4 Herr, f\u00fcr dein Wort sei hoch gepreist<br>059 1-4 Die Gott lieben werden sein wie die Sonne Abk\u00fcndigungen<br>641 1+2 Halte zu mir, guter Gott<\/p>\n","protected":false},"excerpt":{"rendered":"<p>Pfarrer Seidel predigt \u00fcber Hebr\u00e4er 4, 12-13 Gottes Wort: Lebendig und kr\u00e4ftig und sch\u00e4rfer<\/p>\n","protected":false},"author":1,"featured_media":4847,"comment_status":"closed","ping_status":"open","sticky":false,"template":"","format":"standard","meta":{"_jetpack_newsletter_access":"","_jetpack_dont_email_post_to_subs":false,"_jetpack_newsletter_tier_id":0,"_jetpack_memberships_contains_paywalled_content":false,"_jetpack_memberships_contains_paid_content":false,"footnotes":""},"categories":[28],"tags":[],"class_list":["post-4846","post","type-post","status-publish","format-standard","has-post-thumbnail","hentry","category-video-gottesdienste"],"jetpack_featured_media_url":"https:\/\/i0.wp.com\/wilhelmsdorf-evangelisch.de\/wp-content\/uploads\/2022\/02\/Youtube-Promo13.jpg?fit=1920%2C1080&ssl=1","jetpack_sharing_enabled":true,"jetpack_shortlink":"https:\/\/wp.me\/p8teGU-1ga","_links":{"self":[{"href":"https:\/\/wilhelmsdorf-evangelisch.de\/index.php?rest_route=\/wp\/v2\/posts\/4846","targetHints":{"allow":["GET"]}}],"collection":[{"href":"https:\/\/wilhelmsdorf-evangelisch.de\/index.php?rest_route=\/wp\/v2\/posts"}],"about":[{"href":"https:\/\/wilhelmsdorf-evangelisch.de\/index.php?rest_route=\/wp\/v2\/types\/post"}],"author":[{"embeddable":true,"href":"https:\/\/wilhelmsdorf-evangelisch.de\/index.php?rest_route=\/wp\/v2\/users\/1"}],"replies":[{"embeddable":true,"href":"https:\/\/wilhelmsdorf-evangelisch.de\/index.php?rest_route=%2Fwp%2Fv2%2Fcomments&post=4846"}],"version-history":[{"count":4,"href":"https:\/\/wilhelmsdorf-evangelisch.de\/index.php?rest_route=\/wp\/v2\/posts\/4846\/revisions"}],"predecessor-version":[{"id":4853,"href":"https:\/\/wilhelmsdorf-evangelisch.de\/index.php?rest_route=\/wp\/v2\/posts\/4846\/revisions\/4853"}],"wp:featuredmedia":[{"embeddable":true,"href":"https:\/\/wilhelmsdorf-evangelisch.de\/index.php?rest_route=\/wp\/v2\/media\/4847"}],"wp:attachment":[{"href":"https:\/\/wilhelmsdorf-evangelisch.de\/index.php?rest_route=%2Fwp%2Fv2%2Fmedia&parent=4846"}],"wp:term":[{"taxonomy":"category","embeddable":true,"href":"https:\/\/wilhelmsdorf-evangelisch.de\/index.php?rest_route=%2Fwp%2Fv2%2Fcategories&post=4846"},{"taxonomy":"post_tag","embeddable":true,"href":"https:\/\/wilhelmsdorf-evangelisch.de\/index.php?rest_route=%2Fwp%2Fv2%2Ftags&post=4846"}],"curies":[{"name":"wp","href":"https:\/\/api.w.org\/{rel}","templated":true}]}}