{"id":4677,"date":"2021-12-07T18:48:50","date_gmt":"2021-12-07T17:48:50","guid":{"rendered":"https:\/\/wilhelmsdorf-evangelisch.de\/?p=4677"},"modified":"2021-12-14T13:32:19","modified_gmt":"2021-12-14T12:32:19","slug":"plaetzchenverkauf-am-dritten-advent-in-wilhelmsdorf","status":"publish","type":"post","link":"https:\/\/wilhelmsdorf-evangelisch.de\/?p=4677","title":{"rendered":"Pl\u00e4tzchenverkauf am Dritten Advent in Wilhelmsdorf"},"content":{"rendered":"\n<p>Am dritten Advent startet der Elternbeirat des Kindergartens Wilhelmsdorf noch einmal eine Pl\u00e4tzchenverkaufsaktion nach dem Sonntagsgottesdienst!<br>Sie finden den Verkaufsstand 12.12. um 9:40 Uhr an der Bushaltestelle gegen\u00fcber  der Kirche.<br>Wir freuen uns auf viele Unterst\u00fctzer um jeder Kindergartengruppe einen Weihnachtswunsch erf\u00fcllen zu k\u00f6nnen. <br>P.S. Pl\u00e4tzchenspenden k\u00f6nnen am 10.12. bis 12 Uhr im Kindergarten abgegeben werden.<\/p>\n\n\n\n<figure class=\"wp-block-image size-large\"><img data-recalc-dims=\"1\" decoding=\"async\" width=\"735\" height=\"581\" data-attachment-id=\"4678\" data-permalink=\"https:\/\/wilhelmsdorf-evangelisch.de\/?attachment_id=4678\" data-orig-file=\"https:\/\/i0.wp.com\/wilhelmsdorf-evangelisch.de\/wp-content\/uploads\/2021\/12\/WhatsApp-Image-2021-12-01-at-19.33.551.jpeg?fit=1688%2C1335&amp;ssl=1\" data-orig-size=\"1688,1335\" data-comments-opened=\"0\" data-image-meta=\"{&quot;aperture&quot;:&quot;0&quot;,&quot;credit&quot;:&quot;&quot;,&quot;camera&quot;:&quot;&quot;,&quot;caption&quot;:&quot;&quot;,&quot;created_timestamp&quot;:&quot;0&quot;,&quot;copyright&quot;:&quot;&quot;,&quot;focal_length&quot;:&quot;0&quot;,&quot;iso&quot;:&quot;0&quot;,&quot;shutter_speed&quot;:&quot;0&quot;,&quot;title&quot;:&quot;&quot;,&quot;orientation&quot;:&quot;0&quot;}\" data-image-title=\"Pl\u00e4tzchenverkauf\" data-image-description=\"\" data-image-caption=\"\" data-large-file=\"https:\/\/i0.wp.com\/wilhelmsdorf-evangelisch.de\/wp-content\/uploads\/2021\/12\/WhatsApp-Image-2021-12-01-at-19.33.551.jpeg?fit=735%2C581&amp;ssl=1\" data-src=\"https:\/\/i0.wp.com\/wilhelmsdorf-evangelisch.de\/wp-content\/uploads\/2021\/12\/WhatsApp-Image-2021-12-01-at-19.33.551.jpeg?resize=735%2C581&#038;ssl=1\" alt=\"\" class=\"wp-image-4678 lazyload\" data-srcset=\"https:\/\/i0.wp.com\/wilhelmsdorf-evangelisch.de\/wp-content\/uploads\/2021\/12\/WhatsApp-Image-2021-12-01-at-19.33.551.jpeg?resize=1024%2C810&amp;ssl=1 1024w, https:\/\/i0.wp.com\/wilhelmsdorf-evangelisch.de\/wp-content\/uploads\/2021\/12\/WhatsApp-Image-2021-12-01-at-19.33.551.jpeg?resize=300%2C237&amp;ssl=1 300w, https:\/\/i0.wp.com\/wilhelmsdorf-evangelisch.de\/wp-content\/uploads\/2021\/12\/WhatsApp-Image-2021-12-01-at-19.33.551.jpeg?resize=768%2C607&amp;ssl=1 768w, https:\/\/i0.wp.com\/wilhelmsdorf-evangelisch.de\/wp-content\/uploads\/2021\/12\/WhatsApp-Image-2021-12-01-at-19.33.551.jpeg?resize=1536%2C1215&amp;ssl=1 1536w, https:\/\/i0.wp.com\/wilhelmsdorf-evangelisch.de\/wp-content\/uploads\/2021\/12\/WhatsApp-Image-2021-12-01-at-19.33.551.jpeg?w=1688&amp;ssl=1 1688w, https:\/\/i0.wp.com\/wilhelmsdorf-evangelisch.de\/wp-content\/uploads\/2021\/12\/WhatsApp-Image-2021-12-01-at-19.33.551.jpeg?w=1470&amp;ssl=1 1470w\" data-sizes=\"(max-width: 735px) 100vw, 735px\" src=\"data:image\/svg+xml;base64,PHN2ZyB3aWR0aD0iMSIgaGVpZ2h0PSIxIiB4bWxucz0iaHR0cDovL3d3dy53My5vcmcvMjAwMC9zdmciPjwvc3ZnPg==\" style=\"--smush-placeholder-width: 735px; --smush-placeholder-aspect-ratio: 735\/581;\" \/><\/figure>\n","protected":false},"excerpt":{"rendered":"<p>Am dritten Advent startet der Elternbeirat des Kindergartens Wilhelmsdorf noch einmal eine Pl\u00e4tzchenverkaufsaktion nach dem Sonntagsgottesdienst!<br \/>\nSie finden den Verkaufsstand 12.12. um 9:40 Uhr an der Bushaltestelle gegen\u00fcber  der Kirche<\/p>\n","protected":false},"author":1,"featured_media":4678,"comment_status":"closed","ping_status":"open","sticky":false,"template":"","format":"standard","meta":{"_jetpack_newsletter_access":"","_jetpack_dont_email_post_to_subs":false,"_jetpack_newsletter_tier_id":0,"_jetpack_memberships_contains_paywalled_content":false,"_jetpack_memberships_contains_paid_content":false,"footnotes":""},"categories":[1],"tags":[],"class_list":["post-4677","post","type-post","status-publish","format-standard","has-post-thumbnail","hentry","category-uncategorized"],"jetpack_featured_media_url":"https:\/\/i0.wp.com\/wilhelmsdorf-evangelisch.de\/wp-content\/uploads\/2021\/12\/WhatsApp-Image-2021-12-01-at-19.33.551.jpeg?fit=1688%2C1335&ssl=1","jetpack_sharing_enabled":true,"jetpack_shortlink":"https:\/\/wp.me\/p8teGU-1dr","_links":{"self":[{"href":"https:\/\/wilhelmsdorf-evangelisch.de\/index.php?rest_route=\/wp\/v2\/posts\/4677","targetHints":{"allow":["GET"]}}],"collection":[{"href":"https:\/\/wilhelmsdorf-evangelisch.de\/index.php?rest_route=\/wp\/v2\/posts"}],"about":[{"href":"https:\/\/wilhelmsdorf-evangelisch.de\/index.php?rest_route=\/wp\/v2\/types\/post"}],"author":[{"embeddable":true,"href":"https:\/\/wilhelmsdorf-evangelisch.de\/index.php?rest_route=\/wp\/v2\/users\/1"}],"replies":[{"embeddable":true,"href":"https:\/\/wilhelmsdorf-evangelisch.de\/index.php?rest_route=%2Fwp%2Fv2%2Fcomments&post=4677"}],"version-history":[{"count":1,"href":"https:\/\/wilhelmsdorf-evangelisch.de\/index.php?rest_route=\/wp\/v2\/posts\/4677\/revisions"}],"predecessor-version":[{"id":4679,"href":"https:\/\/wilhelmsdorf-evangelisch.de\/index.php?rest_route=\/wp\/v2\/posts\/4677\/revisions\/4679"}],"wp:featuredmedia":[{"embeddable":true,"href":"https:\/\/wilhelmsdorf-evangelisch.de\/index.php?rest_route=\/wp\/v2\/media\/4678"}],"wp:attachment":[{"href":"https:\/\/wilhelmsdorf-evangelisch.de\/index.php?rest_route=%2Fwp%2Fv2%2Fmedia&parent=4677"}],"wp:term":[{"taxonomy":"category","embeddable":true,"href":"https:\/\/wilhelmsdorf-evangelisch.de\/index.php?rest_route=%2Fwp%2Fv2%2Fcategories&post=4677"},{"taxonomy":"post_tag","embeddable":true,"href":"https:\/\/wilhelmsdorf-evangelisch.de\/index.php?rest_route=%2Fwp%2Fv2%2Ftags&post=4677"}],"curies":[{"name":"wp","href":"https:\/\/api.w.org\/{rel}","templated":true}]}}