{"id":4646,"date":"2021-11-22T11:15:49","date_gmt":"2021-11-22T10:15:49","guid":{"rendered":"https:\/\/wilhelmsdorf-evangelisch.de\/?p=4646"},"modified":"2022-03-11T10:23:20","modified_gmt":"2022-03-11T09:23:20","slug":"der-neue-landesstellenplan-die-aktuellen-planungen","status":"publish","type":"post","link":"https:\/\/wilhelmsdorf-evangelisch.de\/?p=4646","title":{"rendered":"Der neue Landesstellenplan &#8211; Die aktuellen Planungen"},"content":{"rendered":"\n<p>Die sinkenden Mitgliederzahlen unserer Evangelisch-Lutherischen Kirche in Bayern (ELKB) haben zur Folge, dass auch insgesamt weniger Pfarrstellen in den Gemeinden angesiedelt werden. Der Rahmen f\u00fcr die notwendigen Stelleneinsparungen in der ELKB ist durch Beschluss der Landessynode vom M\u00e4rz 2021 zur sogenannten Landesstellenplanung 2020 (LSP2020) gesetzt, der gegen\u00fcber der letzten Landesstellenplanung aus dem Jahr 2010 eine bayernweite Verringerung der Gemeindepfarrstellen um ca. 10 % vorsieht.<\/p>\n\n\n\n<p>Neu bei der LSP2020 ist, dass das Rahmenkontingent der verbleibenden Stellen auf Dekanatsebene und nicht mehr auf Gemeindeebene ausgewiesen wird. Das hei\u00dft, dass der Beschluss \u00fcber die Verteilung der Stellen auf die Gemeinden des Dekanats im Dekanatsausschuss als letztlich beschlie\u00dfendem Gremium erfolgt.<\/p>\n\n\n\n<p>Genau an dieser Stelle sind wir nun angelangt: Im Dekanat Neustadt an der Aisch muss die Stellenzahl von 23,75 auf 22 Pfarrstellen reduziert werden. In unserem Dekanat hat man sich darauf verst\u00e4ndigt, dass die Reduktion jeweils innerhalb der vier Regionen Nord, S\u00fcd, Mitte\/West und Ost erfolgen soll.<\/p>\n\n\n\n<p>Brunn und Wilhelmsdorf bilden zusammen mit den Kirchengemeinden Emskirchen, Neidhardswinden, D\u00fcrrnbuch, Hagenb\u00fcchach und Kirchfembach die Region Ost, die eine Reduktion von 3,75 auf 3,5 Stellen stemmen muss.<\/p>\n\n\n\n<figure class=\"wp-block-image size-large\"><img data-recalc-dims=\"1\" decoding=\"async\" width=\"735\" height=\"357\" data-attachment-id=\"4647\" data-permalink=\"https:\/\/wilhelmsdorf-evangelisch.de\/?attachment_id=4647\" data-orig-file=\"https:\/\/i0.wp.com\/wilhelmsdorf-evangelisch.de\/wp-content\/uploads\/2021\/11\/Seite-10_11-Stellenplan-scaled.jpg?fit=2048%2C996&amp;ssl=1\" data-orig-size=\"2048,996\" data-comments-opened=\"0\" data-image-meta=\"{&quot;aperture&quot;:&quot;1.7&quot;,&quot;credit&quot;:&quot;&quot;,&quot;camera&quot;:&quot;SM-G950F&quot;,&quot;caption&quot;:&quot;&quot;,&quot;created_timestamp&quot;:&quot;1633185906&quot;,&quot;copyright&quot;:&quot;&quot;,&quot;focal_length&quot;:&quot;4.2&quot;,&quot;iso&quot;:&quot;64&quot;,&quot;shutter_speed&quot;:&quot;0.01&quot;,&quot;title&quot;:&quot;&quot;,&quot;orientation&quot;:&quot;1&quot;}\" data-image-title=\"Seite-10_11-Stellenplan\" data-image-description=\"\" data-image-caption=\"\" data-large-file=\"https:\/\/i0.wp.com\/wilhelmsdorf-evangelisch.de\/wp-content\/uploads\/2021\/11\/Seite-10_11-Stellenplan-scaled.jpg?fit=735%2C357&amp;ssl=1\" data-src=\"https:\/\/i0.wp.com\/wilhelmsdorf-evangelisch.de\/wp-content\/uploads\/2021\/11\/Seite-10_11-Stellenplan.jpg?resize=735%2C357&#038;ssl=1\" alt=\"\" class=\"wp-image-4647 lazyload\" data-srcset=\"https:\/\/i0.wp.com\/wilhelmsdorf-evangelisch.de\/wp-content\/uploads\/2021\/11\/Seite-10_11-Stellenplan-scaled.jpg?resize=1024%2C498&amp;ssl=1 1024w, https:\/\/i0.wp.com\/wilhelmsdorf-evangelisch.de\/wp-content\/uploads\/2021\/11\/Seite-10_11-Stellenplan-scaled.jpg?resize=300%2C146&amp;ssl=1 300w, https:\/\/i0.wp.com\/wilhelmsdorf-evangelisch.de\/wp-content\/uploads\/2021\/11\/Seite-10_11-Stellenplan-scaled.jpg?resize=768%2C373&amp;ssl=1 768w, https:\/\/i0.wp.com\/wilhelmsdorf-evangelisch.de\/wp-content\/uploads\/2021\/11\/Seite-10_11-Stellenplan-scaled.jpg?resize=1536%2C747&amp;ssl=1 1536w, https:\/\/i0.wp.com\/wilhelmsdorf-evangelisch.de\/wp-content\/uploads\/2021\/11\/Seite-10_11-Stellenplan-scaled.jpg?w=2048&amp;ssl=1 2048w, https:\/\/i0.wp.com\/wilhelmsdorf-evangelisch.de\/wp-content\/uploads\/2021\/11\/Seite-10_11-Stellenplan-scaled.jpg?w=1470&amp;ssl=1 1470w\" data-sizes=\"(max-width: 735px) 100vw, 735px\" src=\"data:image\/svg+xml;base64,PHN2ZyB3aWR0aD0iMSIgaGVpZ2h0PSIxIiB4bWxucz0iaHR0cDovL3d3dy53My5vcmcvMjAwMC9zdmciPjwvc3ZnPg==\" style=\"--smush-placeholder-width: 735px; --smush-placeholder-aspect-ratio: 735\/357;\" \/><figcaption>Regionale Sitzung mit KV-Mitgliedern und PfarrerInnen<\/figcaption><\/figure>\n\n\n\n<p>Wie diese 3,5 Stellen in der Region Ost aufgeteilt werden sollen, das versuchen die sieben beteiligten Kirchengemeinden derzeit in einem von au\u00dfen moderierten Gespr\u00e4chsprozess zu erarbeiten. Dazu fand am Samstag, den 2. Oktober 2021 eine erste regionale Sitzung in der B\u00fcrgerhalle Emskirchen statt. Teilnehmer waren je zwei Kirchenvorsteher aus den Gemeinden, die amtierenden Pfarrerinnen und Pfarrer, zwei Jugenddiakone und als Leitung zwei Moderatoren aus der Gemeindeakademie Rummelsberg.<\/p>\n\n\n\n<p>Anhand einer durch den Dekanatsausschuss formulierten Kriterienliste sind folgende Zwischenergebnisse erarbeitet worden:<\/p>\n\n\n\n<ul class=\"wp-block-list\"><li>Je eine Pfarrstelle soll in der Pfarrei Wilhelmsdorf (mit Brunn) und in der Pfarrei Hagenb\u00fcchach (mit Kirchfembach) angesiedelt sein, die weiteren 1,5 Pfarrstellen in Emskirchen (mit Neidhardswinden und D\u00fcrrnbuch)<\/li><li>Die K\u00fcrzung soll von der Region insgesamt getragen werden, was bedeutet, dass die Arbeitsbereiche der kleineren Pfarreien \u00fcber den Stand von heute hinaus ausgeweitet werden m\u00fcssen. Wie das genau erfolgen kann, daran wird weitergearbeitet.<\/li><li>\u00dcber die Pfarrstellen hinaus ist auch vorgesehen, eine halbe Stelle der Dekanatsjugend f\u00fcr die Arbeit in unserer Region zu beauftragen (in Fortf\u00fchrung der bisher in Emskirchen angesiedelten Jugenddiakonin).<\/li><\/ul>\n\n\n\n<p>Insgesamt war der gute Wille zu sp\u00fcren, enger in der Region Ost zusammenzuarbeiten und eine f\u00fcr alle tragbare Konstellation zu erreichen.<\/p>\n\n\n\n<p>Ein Ergebnis f\u00fcr alle Regionen im Dekanat soll im Fr\u00fchjahr 2022 erarbeitet sein und dann vom Dekanatsausschuss beschlossen werden. Die Umsetzung soll bis Mitte 2024 erfolgen.<\/p>\n","protected":false},"excerpt":{"rendered":"<p>Informationen zu den Diskussionenn und Entschidungen zum neuen Landesstellenplan .<\/p>\n","protected":false},"author":1,"featured_media":4647,"comment_status":"closed","ping_status":"open","sticky":false,"template":"","format":"standard","meta":{"_jetpack_newsletter_access":"","_jetpack_dont_email_post_to_subs":false,"_jetpack_newsletter_tier_id":0,"_jetpack_memberships_contains_paywalled_content":false,"_jetpack_memberships_contains_paid_content":false,"footnotes":""},"categories":[8],"tags":[],"class_list":["post-4646","post","type-post","status-publish","format-standard","has-post-thumbnail","hentry","category-berichte"],"jetpack_featured_media_url":"https:\/\/i0.wp.com\/wilhelmsdorf-evangelisch.de\/wp-content\/uploads\/2021\/11\/Seite-10_11-Stellenplan-scaled.jpg?fit=2048%2C996&ssl=1","jetpack_sharing_enabled":true,"jetpack_shortlink":"https:\/\/wp.me\/p8teGU-1cW","_links":{"self":[{"href":"https:\/\/wilhelmsdorf-evangelisch.de\/index.php?rest_route=\/wp\/v2\/posts\/4646","targetHints":{"allow":["GET"]}}],"collection":[{"href":"https:\/\/wilhelmsdorf-evangelisch.de\/index.php?rest_route=\/wp\/v2\/posts"}],"about":[{"href":"https:\/\/wilhelmsdorf-evangelisch.de\/index.php?rest_route=\/wp\/v2\/types\/post"}],"author":[{"embeddable":true,"href":"https:\/\/wilhelmsdorf-evangelisch.de\/index.php?rest_route=\/wp\/v2\/users\/1"}],"replies":[{"embeddable":true,"href":"https:\/\/wilhelmsdorf-evangelisch.de\/index.php?rest_route=%2Fwp%2Fv2%2Fcomments&post=4646"}],"version-history":[{"count":1,"href":"https:\/\/wilhelmsdorf-evangelisch.de\/index.php?rest_route=\/wp\/v2\/posts\/4646\/revisions"}],"predecessor-version":[{"id":4648,"href":"https:\/\/wilhelmsdorf-evangelisch.de\/index.php?rest_route=\/wp\/v2\/posts\/4646\/revisions\/4648"}],"wp:featuredmedia":[{"embeddable":true,"href":"https:\/\/wilhelmsdorf-evangelisch.de\/index.php?rest_route=\/wp\/v2\/media\/4647"}],"wp:attachment":[{"href":"https:\/\/wilhelmsdorf-evangelisch.de\/index.php?rest_route=%2Fwp%2Fv2%2Fmedia&parent=4646"}],"wp:term":[{"taxonomy":"category","embeddable":true,"href":"https:\/\/wilhelmsdorf-evangelisch.de\/index.php?rest_route=%2Fwp%2Fv2%2Fcategories&post=4646"},{"taxonomy":"post_tag","embeddable":true,"href":"https:\/\/wilhelmsdorf-evangelisch.de\/index.php?rest_route=%2Fwp%2Fv2%2Ftags&post=4646"}],"curies":[{"name":"wp","href":"https:\/\/api.w.org\/{rel}","templated":true}]}}