{"id":4623,"date":"2021-12-10T11:27:00","date_gmt":"2021-12-10T10:27:00","guid":{"rendered":"https:\/\/wilhelmsdorf-evangelisch.de\/?p=4623"},"modified":"2022-02-10T16:43:54","modified_gmt":"2022-02-10T15:43:54","slug":"lebendige-adventsfenster-in-brunn-und-wilhelmsdorf","status":"publish","type":"post","link":"https:\/\/wilhelmsdorf-evangelisch.de\/?p=4623","title":{"rendered":"Lebendige Adventsfenster in Brunn &#8211; hier sind die Bilder der Fenster!"},"content":{"rendered":"\n<p>Aufgrund der derzeitigen Pandemiesituation werden werden wir auch 2021 den lebendigen Adventskalender nicht mit einem gemeinsamen Treffen an den jeweiligen Fenstern anbieten k\u00f6nnen. Aber wie schon 2020 freuen wir uns, dass einige Familien bereit sind, Fenster als Adventsfenster zu gestalten und an bestimmten Tagen erstmalig zu \u00f6ffnen. Sie k\u00f6nnen dann diese Fenster dann bei einem Spaziergang besuchen und sich \u00fcberraschen lassen, was sich die Familien einfallen haben lassen. &nbsp;Sollten wir Ihr Interesse geweckt haben, selbst ein Fenster zu gestalten, k\u00f6nnen Sie sich gerne bei Familie Raab, Tel. 2083 melden.<\/p>\n\n\n\n<p>Hier finden Sie die aktuelle Liste der Fenster-Termine:<\/p>\n\n\n\n<figure class=\"wp-block-table is-style-stripes\"><table><tbody><tr><td>1. Dezember<\/td><td>Familie Spengler, Kirchstr. 12<\/td><\/tr><tr><td>3. Dezember<\/td><td>Familie Humann, Brunner Hauptstr. 30<\/td><\/tr><tr><td>4. Dezember<\/td><td>Familie Go\u00dfler, Gostenhof 22<\/td><\/tr><tr><td>8.  Dezember<\/td><td>Gemeindesaal, Kirchstr. 8<\/td><\/tr><tr><td>9. Dezember<\/td><td>Familie Raab, Gostenhof 1<\/td><\/tr><tr><td>10. Dezember<\/td><td>Familie Braun-Micka, Am G\u00e4nswasen 2<\/td><\/tr><tr><td>18. Dezember<\/td><td>Familie Zieglmeier-Sch\u00f6nleben, Am Wagnersberg<\/td><\/tr><tr><td><\/td><td><\/td><\/tr><tr><td><\/td><td><\/td><\/tr><\/tbody><\/table><\/figure>\n\n\n\n<figure class=\"wp-block-gallery columns-3 is-cropped wp-block-gallery-1 is-layout-flex wp-block-gallery-is-layout-flex\"><ul class=\"blocks-gallery-grid\"><li class=\"blocks-gallery-item\"><figure><img data-recalc-dims=\"1\" decoding=\"async\" width=\"735\" height=\"980\" data-attachment-id=\"4696\" data-permalink=\"https:\/\/wilhelmsdorf-evangelisch.de\/?attachment_id=4696\" data-orig-file=\"https:\/\/i0.wp.com\/wilhelmsdorf-evangelisch.de\/wp-content\/uploads\/2021\/12\/WhatsApp-Image-2021-12-10-at-20.03.32.jpeg?fit=1200%2C1600&amp;ssl=1\" data-orig-size=\"1200,1600\" data-comments-opened=\"0\" data-image-meta=\"{&quot;aperture&quot;:&quot;0&quot;,&quot;credit&quot;:&quot;&quot;,&quot;camera&quot;:&quot;&quot;,&quot;caption&quot;:&quot;&quot;,&quot;created_timestamp&quot;:&quot;0&quot;,&quot;copyright&quot;:&quot;&quot;,&quot;focal_length&quot;:&quot;0&quot;,&quot;iso&quot;:&quot;0&quot;,&quot;shutter_speed&quot;:&quot;0&quot;,&quot;title&quot;:&quot;&quot;,&quot;orientation&quot;:&quot;0&quot;}\" data-image-title=\"WhatsApp Image 2021-12-10 at 20.03.32\" data-image-description=\"\" data-image-caption=\"\" data-large-file=\"https:\/\/i0.wp.com\/wilhelmsdorf-evangelisch.de\/wp-content\/uploads\/2021\/12\/WhatsApp-Image-2021-12-10-at-20.03.32.jpeg?fit=735%2C980&amp;ssl=1\" data-src=\"https:\/\/i0.wp.com\/wilhelmsdorf-evangelisch.de\/wp-content\/uploads\/2021\/12\/WhatsApp-Image-2021-12-10-at-20.03.32.jpeg?resize=735%2C980&#038;ssl=1\" alt=\"\" data-id=\"4696\" data-full-url=\"https:\/\/wilhelmsdorf-evangelisch.de\/wp-content\/uploads\/2021\/12\/WhatsApp-Image-2021-12-10-at-20.03.32.jpeg\" data-link=\"https:\/\/wilhelmsdorf-evangelisch.de\/?attachment_id=4696\" class=\"wp-image-4696 lazyload\" data-srcset=\"https:\/\/i0.wp.com\/wilhelmsdorf-evangelisch.de\/wp-content\/uploads\/2021\/12\/WhatsApp-Image-2021-12-10-at-20.03.32.jpeg?resize=768%2C1024&amp;ssl=1 768w, https:\/\/i0.wp.com\/wilhelmsdorf-evangelisch.de\/wp-content\/uploads\/2021\/12\/WhatsApp-Image-2021-12-10-at-20.03.32.jpeg?resize=225%2C300&amp;ssl=1 225w, https:\/\/i0.wp.com\/wilhelmsdorf-evangelisch.de\/wp-content\/uploads\/2021\/12\/WhatsApp-Image-2021-12-10-at-20.03.32.jpeg?resize=1152%2C1536&amp;ssl=1 1152w, https:\/\/i0.wp.com\/wilhelmsdorf-evangelisch.de\/wp-content\/uploads\/2021\/12\/WhatsApp-Image-2021-12-10-at-20.03.32.jpeg?w=1200&amp;ssl=1 1200w\" data-sizes=\"(max-width: 735px) 100vw, 735px\" src=\"data:image\/svg+xml;base64,PHN2ZyB3aWR0aD0iMSIgaGVpZ2h0PSIxIiB4bWxucz0iaHR0cDovL3d3dy53My5vcmcvMjAwMC9zdmciPjwvc3ZnPg==\" style=\"--smush-placeholder-width: 735px; --smush-placeholder-aspect-ratio: 735\/980;\" \/><\/figure><\/li><li class=\"blocks-gallery-item\"><figure><img data-recalc-dims=\"1\" decoding=\"async\" width=\"735\" height=\"551\" data-attachment-id=\"4695\" data-permalink=\"https:\/\/wilhelmsdorf-evangelisch.de\/?attachment_id=4695\" data-orig-file=\"https:\/\/i0.wp.com\/wilhelmsdorf-evangelisch.de\/wp-content\/uploads\/2021\/12\/WhatsApp-Image-2021-12-10-at-20.03.33.jpeg?fit=1600%2C1200&amp;ssl=1\" data-orig-size=\"1600,1200\" data-comments-opened=\"0\" data-image-meta=\"{&quot;aperture&quot;:&quot;0&quot;,&quot;credit&quot;:&quot;&quot;,&quot;camera&quot;:&quot;&quot;,&quot;caption&quot;:&quot;&quot;,&quot;created_timestamp&quot;:&quot;0&quot;,&quot;copyright&quot;:&quot;&quot;,&quot;focal_length&quot;:&quot;0&quot;,&quot;iso&quot;:&quot;0&quot;,&quot;shutter_speed&quot;:&quot;0&quot;,&quot;title&quot;:&quot;&quot;,&quot;orientation&quot;:&quot;0&quot;}\" data-image-title=\"WhatsApp Image 2021-12-10 at 20.03.33\" data-image-description=\"\" data-image-caption=\"\" data-large-file=\"https:\/\/i0.wp.com\/wilhelmsdorf-evangelisch.de\/wp-content\/uploads\/2021\/12\/WhatsApp-Image-2021-12-10-at-20.03.33.jpeg?fit=735%2C551&amp;ssl=1\" data-src=\"https:\/\/i0.wp.com\/wilhelmsdorf-evangelisch.de\/wp-content\/uploads\/2021\/12\/WhatsApp-Image-2021-12-10-at-20.03.33.jpeg?resize=735%2C551&#038;ssl=1\" alt=\"\" data-id=\"4695\" data-full-url=\"https:\/\/wilhelmsdorf-evangelisch.de\/wp-content\/uploads\/2021\/12\/WhatsApp-Image-2021-12-10-at-20.03.33.jpeg\" data-link=\"https:\/\/wilhelmsdorf-evangelisch.de\/?attachment_id=4695\" class=\"wp-image-4695 lazyload\" data-srcset=\"https:\/\/i0.wp.com\/wilhelmsdorf-evangelisch.de\/wp-content\/uploads\/2021\/12\/WhatsApp-Image-2021-12-10-at-20.03.33.jpeg?resize=1024%2C768&amp;ssl=1 1024w, https:\/\/i0.wp.com\/wilhelmsdorf-evangelisch.de\/wp-content\/uploads\/2021\/12\/WhatsApp-Image-2021-12-10-at-20.03.33.jpeg?resize=300%2C225&amp;ssl=1 300w, https:\/\/i0.wp.com\/wilhelmsdorf-evangelisch.de\/wp-content\/uploads\/2021\/12\/WhatsApp-Image-2021-12-10-at-20.03.33.jpeg?resize=768%2C576&amp;ssl=1 768w, https:\/\/i0.wp.com\/wilhelmsdorf-evangelisch.de\/wp-content\/uploads\/2021\/12\/WhatsApp-Image-2021-12-10-at-20.03.33.jpeg?resize=1536%2C1152&amp;ssl=1 1536w, https:\/\/i0.wp.com\/wilhelmsdorf-evangelisch.de\/wp-content\/uploads\/2021\/12\/WhatsApp-Image-2021-12-10-at-20.03.33.jpeg?w=1600&amp;ssl=1 1600w, https:\/\/i0.wp.com\/wilhelmsdorf-evangelisch.de\/wp-content\/uploads\/2021\/12\/WhatsApp-Image-2021-12-10-at-20.03.33.jpeg?w=1470&amp;ssl=1 1470w\" data-sizes=\"(max-width: 735px) 100vw, 735px\" src=\"data:image\/svg+xml;base64,PHN2ZyB3aWR0aD0iMSIgaGVpZ2h0PSIxIiB4bWxucz0iaHR0cDovL3d3dy53My5vcmcvMjAwMC9zdmciPjwvc3ZnPg==\" style=\"--smush-placeholder-width: 735px; --smush-placeholder-aspect-ratio: 735\/551;\" \/><\/figure><\/li><li class=\"blocks-gallery-item\"><figure><img data-recalc-dims=\"1\" decoding=\"async\" width=\"735\" height=\"980\" data-attachment-id=\"4694\" data-permalink=\"https:\/\/wilhelmsdorf-evangelisch.de\/?attachment_id=4694\" data-orig-file=\"https:\/\/i0.wp.com\/wilhelmsdorf-evangelisch.de\/wp-content\/uploads\/2021\/12\/WhatsApp-Image-2021-12-10-at-20.03.34.jpeg?fit=1200%2C1600&amp;ssl=1\" data-orig-size=\"1200,1600\" data-comments-opened=\"0\" data-image-meta=\"{&quot;aperture&quot;:&quot;0&quot;,&quot;credit&quot;:&quot;&quot;,&quot;camera&quot;:&quot;&quot;,&quot;caption&quot;:&quot;&quot;,&quot;created_timestamp&quot;:&quot;0&quot;,&quot;copyright&quot;:&quot;&quot;,&quot;focal_length&quot;:&quot;0&quot;,&quot;iso&quot;:&quot;0&quot;,&quot;shutter_speed&quot;:&quot;0&quot;,&quot;title&quot;:&quot;&quot;,&quot;orientation&quot;:&quot;0&quot;}\" data-image-title=\"WhatsApp Image 2021-12-10 at 20.03.34\" data-image-description=\"\" data-image-caption=\"\" data-large-file=\"https:\/\/i0.wp.com\/wilhelmsdorf-evangelisch.de\/wp-content\/uploads\/2021\/12\/WhatsApp-Image-2021-12-10-at-20.03.34.jpeg?fit=735%2C980&amp;ssl=1\" data-src=\"https:\/\/i0.wp.com\/wilhelmsdorf-evangelisch.de\/wp-content\/uploads\/2021\/12\/WhatsApp-Image-2021-12-10-at-20.03.34.jpeg?resize=735%2C980&#038;ssl=1\" alt=\"\" data-id=\"4694\" data-full-url=\"https:\/\/wilhelmsdorf-evangelisch.de\/wp-content\/uploads\/2021\/12\/WhatsApp-Image-2021-12-10-at-20.03.34.jpeg\" data-link=\"https:\/\/wilhelmsdorf-evangelisch.de\/?attachment_id=4694\" class=\"wp-image-4694 lazyload\" data-srcset=\"https:\/\/i0.wp.com\/wilhelmsdorf-evangelisch.de\/wp-content\/uploads\/2021\/12\/WhatsApp-Image-2021-12-10-at-20.03.34.jpeg?resize=768%2C1024&amp;ssl=1 768w, https:\/\/i0.wp.com\/wilhelmsdorf-evangelisch.de\/wp-content\/uploads\/2021\/12\/WhatsApp-Image-2021-12-10-at-20.03.34.jpeg?resize=225%2C300&amp;ssl=1 225w, https:\/\/i0.wp.com\/wilhelmsdorf-evangelisch.de\/wp-content\/uploads\/2021\/12\/WhatsApp-Image-2021-12-10-at-20.03.34.jpeg?resize=1152%2C1536&amp;ssl=1 1152w, https:\/\/i0.wp.com\/wilhelmsdorf-evangelisch.de\/wp-content\/uploads\/2021\/12\/WhatsApp-Image-2021-12-10-at-20.03.34.jpeg?w=1200&amp;ssl=1 1200w\" data-sizes=\"(max-width: 735px) 100vw, 735px\" src=\"data:image\/svg+xml;base64,PHN2ZyB3aWR0aD0iMSIgaGVpZ2h0PSIxIiB4bWxucz0iaHR0cDovL3d3dy53My5vcmcvMjAwMC9zdmciPjwvc3ZnPg==\" style=\"--smush-placeholder-width: 735px; --smush-placeholder-aspect-ratio: 735\/980;\" \/><\/figure><\/li><li class=\"blocks-gallery-item\"><figure><img data-recalc-dims=\"1\" decoding=\"async\" width=\"735\" height=\"980\" data-attachment-id=\"4693\" data-permalink=\"https:\/\/wilhelmsdorf-evangelisch.de\/?attachment_id=4693\" data-orig-file=\"https:\/\/i0.wp.com\/wilhelmsdorf-evangelisch.de\/wp-content\/uploads\/2021\/12\/WhatsApp-Image-2021-12-10-at-20.03.341.jpeg?fit=1200%2C1600&amp;ssl=1\" data-orig-size=\"1200,1600\" data-comments-opened=\"0\" data-image-meta=\"{&quot;aperture&quot;:&quot;0&quot;,&quot;credit&quot;:&quot;&quot;,&quot;camera&quot;:&quot;&quot;,&quot;caption&quot;:&quot;&quot;,&quot;created_timestamp&quot;:&quot;0&quot;,&quot;copyright&quot;:&quot;&quot;,&quot;focal_length&quot;:&quot;0&quot;,&quot;iso&quot;:&quot;0&quot;,&quot;shutter_speed&quot;:&quot;0&quot;,&quot;title&quot;:&quot;&quot;,&quot;orientation&quot;:&quot;0&quot;}\" data-image-title=\"WhatsApp Image 2021-12-10 at 20.03.34(1)\" data-image-description=\"\" data-image-caption=\"\" data-large-file=\"https:\/\/i0.wp.com\/wilhelmsdorf-evangelisch.de\/wp-content\/uploads\/2021\/12\/WhatsApp-Image-2021-12-10-at-20.03.341.jpeg?fit=735%2C980&amp;ssl=1\" data-src=\"https:\/\/i0.wp.com\/wilhelmsdorf-evangelisch.de\/wp-content\/uploads\/2021\/12\/WhatsApp-Image-2021-12-10-at-20.03.341.jpeg?resize=735%2C980&#038;ssl=1\" alt=\"\" data-id=\"4693\" data-full-url=\"https:\/\/wilhelmsdorf-evangelisch.de\/wp-content\/uploads\/2021\/12\/WhatsApp-Image-2021-12-10-at-20.03.341.jpeg\" data-link=\"https:\/\/wilhelmsdorf-evangelisch.de\/?attachment_id=4693\" class=\"wp-image-4693 lazyload\" data-srcset=\"https:\/\/i0.wp.com\/wilhelmsdorf-evangelisch.de\/wp-content\/uploads\/2021\/12\/WhatsApp-Image-2021-12-10-at-20.03.341.jpeg?resize=768%2C1024&amp;ssl=1 768w, https:\/\/i0.wp.com\/wilhelmsdorf-evangelisch.de\/wp-content\/uploads\/2021\/12\/WhatsApp-Image-2021-12-10-at-20.03.341.jpeg?resize=225%2C300&amp;ssl=1 225w, https:\/\/i0.wp.com\/wilhelmsdorf-evangelisch.de\/wp-content\/uploads\/2021\/12\/WhatsApp-Image-2021-12-10-at-20.03.341.jpeg?resize=1152%2C1536&amp;ssl=1 1152w, https:\/\/i0.wp.com\/wilhelmsdorf-evangelisch.de\/wp-content\/uploads\/2021\/12\/WhatsApp-Image-2021-12-10-at-20.03.341.jpeg?w=1200&amp;ssl=1 1200w\" data-sizes=\"(max-width: 735px) 100vw, 735px\" src=\"data:image\/svg+xml;base64,PHN2ZyB3aWR0aD0iMSIgaGVpZ2h0PSIxIiB4bWxucz0iaHR0cDovL3d3dy53My5vcmcvMjAwMC9zdmciPjwvc3ZnPg==\" style=\"--smush-placeholder-width: 735px; --smush-placeholder-aspect-ratio: 735\/980;\" \/><\/figure><\/li><li class=\"blocks-gallery-item\"><figure><img data-recalc-dims=\"1\" decoding=\"async\" width=\"735\" height=\"980\" data-attachment-id=\"4692\" data-permalink=\"https:\/\/wilhelmsdorf-evangelisch.de\/?attachment_id=4692\" data-orig-file=\"https:\/\/i0.wp.com\/wilhelmsdorf-evangelisch.de\/wp-content\/uploads\/2021\/12\/WhatsApp-Image-2021-12-10-at-20.03.342.jpeg?fit=1200%2C1600&amp;ssl=1\" data-orig-size=\"1200,1600\" data-comments-opened=\"0\" data-image-meta=\"{&quot;aperture&quot;:&quot;0&quot;,&quot;credit&quot;:&quot;&quot;,&quot;camera&quot;:&quot;&quot;,&quot;caption&quot;:&quot;&quot;,&quot;created_timestamp&quot;:&quot;0&quot;,&quot;copyright&quot;:&quot;&quot;,&quot;focal_length&quot;:&quot;0&quot;,&quot;iso&quot;:&quot;0&quot;,&quot;shutter_speed&quot;:&quot;0&quot;,&quot;title&quot;:&quot;&quot;,&quot;orientation&quot;:&quot;0&quot;}\" data-image-title=\"WhatsApp Image 2021-12-10 at 20.03.34(2)\" data-image-description=\"\" data-image-caption=\"\" data-large-file=\"https:\/\/i0.wp.com\/wilhelmsdorf-evangelisch.de\/wp-content\/uploads\/2021\/12\/WhatsApp-Image-2021-12-10-at-20.03.342.jpeg?fit=735%2C980&amp;ssl=1\" data-src=\"https:\/\/i0.wp.com\/wilhelmsdorf-evangelisch.de\/wp-content\/uploads\/2021\/12\/WhatsApp-Image-2021-12-10-at-20.03.342.jpeg?resize=735%2C980&#038;ssl=1\" alt=\"\" data-id=\"4692\" data-full-url=\"https:\/\/wilhelmsdorf-evangelisch.de\/wp-content\/uploads\/2021\/12\/WhatsApp-Image-2021-12-10-at-20.03.342.jpeg\" data-link=\"https:\/\/wilhelmsdorf-evangelisch.de\/?attachment_id=4692\" class=\"wp-image-4692 lazyload\" data-srcset=\"https:\/\/i0.wp.com\/wilhelmsdorf-evangelisch.de\/wp-content\/uploads\/2021\/12\/WhatsApp-Image-2021-12-10-at-20.03.342.jpeg?resize=768%2C1024&amp;ssl=1 768w, https:\/\/i0.wp.com\/wilhelmsdorf-evangelisch.de\/wp-content\/uploads\/2021\/12\/WhatsApp-Image-2021-12-10-at-20.03.342.jpeg?resize=225%2C300&amp;ssl=1 225w, https:\/\/i0.wp.com\/wilhelmsdorf-evangelisch.de\/wp-content\/uploads\/2021\/12\/WhatsApp-Image-2021-12-10-at-20.03.342.jpeg?resize=1152%2C1536&amp;ssl=1 1152w, https:\/\/i0.wp.com\/wilhelmsdorf-evangelisch.de\/wp-content\/uploads\/2021\/12\/WhatsApp-Image-2021-12-10-at-20.03.342.jpeg?w=1200&amp;ssl=1 1200w\" data-sizes=\"(max-width: 735px) 100vw, 735px\" src=\"data:image\/svg+xml;base64,PHN2ZyB3aWR0aD0iMSIgaGVpZ2h0PSIxIiB4bWxucz0iaHR0cDovL3d3dy53My5vcmcvMjAwMC9zdmciPjwvc3ZnPg==\" style=\"--smush-placeholder-width: 735px; --smush-placeholder-aspect-ratio: 735\/980;\" \/><\/figure><\/li><li class=\"blocks-gallery-item\"><figure><img data-recalc-dims=\"1\" decoding=\"async\" width=\"735\" height=\"980\" data-attachment-id=\"4691\" data-permalink=\"https:\/\/wilhelmsdorf-evangelisch.de\/?attachment_id=4691\" data-orig-file=\"https:\/\/i0.wp.com\/wilhelmsdorf-evangelisch.de\/wp-content\/uploads\/2021\/12\/WhatsApp-Image-2021-12-10-at-20.03.35.jpeg?fit=1200%2C1600&amp;ssl=1\" data-orig-size=\"1200,1600\" data-comments-opened=\"0\" data-image-meta=\"{&quot;aperture&quot;:&quot;0&quot;,&quot;credit&quot;:&quot;&quot;,&quot;camera&quot;:&quot;&quot;,&quot;caption&quot;:&quot;&quot;,&quot;created_timestamp&quot;:&quot;0&quot;,&quot;copyright&quot;:&quot;&quot;,&quot;focal_length&quot;:&quot;0&quot;,&quot;iso&quot;:&quot;0&quot;,&quot;shutter_speed&quot;:&quot;0&quot;,&quot;title&quot;:&quot;&quot;,&quot;orientation&quot;:&quot;0&quot;}\" data-image-title=\"WhatsApp Image 2021-12-10 at 20.03.35\" data-image-description=\"\" data-image-caption=\"\" data-large-file=\"https:\/\/i0.wp.com\/wilhelmsdorf-evangelisch.de\/wp-content\/uploads\/2021\/12\/WhatsApp-Image-2021-12-10-at-20.03.35.jpeg?fit=735%2C980&amp;ssl=1\" data-src=\"https:\/\/i0.wp.com\/wilhelmsdorf-evangelisch.de\/wp-content\/uploads\/2021\/12\/WhatsApp-Image-2021-12-10-at-20.03.35.jpeg?resize=735%2C980&#038;ssl=1\" alt=\"\" data-id=\"4691\" data-full-url=\"https:\/\/wilhelmsdorf-evangelisch.de\/wp-content\/uploads\/2021\/12\/WhatsApp-Image-2021-12-10-at-20.03.35.jpeg\" data-link=\"https:\/\/wilhelmsdorf-evangelisch.de\/?attachment_id=4691\" class=\"wp-image-4691 lazyload\" data-srcset=\"https:\/\/i0.wp.com\/wilhelmsdorf-evangelisch.de\/wp-content\/uploads\/2021\/12\/WhatsApp-Image-2021-12-10-at-20.03.35.jpeg?resize=768%2C1024&amp;ssl=1 768w, https:\/\/i0.wp.com\/wilhelmsdorf-evangelisch.de\/wp-content\/uploads\/2021\/12\/WhatsApp-Image-2021-12-10-at-20.03.35.jpeg?resize=225%2C300&amp;ssl=1 225w, https:\/\/i0.wp.com\/wilhelmsdorf-evangelisch.de\/wp-content\/uploads\/2021\/12\/WhatsApp-Image-2021-12-10-at-20.03.35.jpeg?resize=1152%2C1536&amp;ssl=1 1152w, https:\/\/i0.wp.com\/wilhelmsdorf-evangelisch.de\/wp-content\/uploads\/2021\/12\/WhatsApp-Image-2021-12-10-at-20.03.35.jpeg?w=1200&amp;ssl=1 1200w\" data-sizes=\"(max-width: 735px) 100vw, 735px\" src=\"data:image\/svg+xml;base64,PHN2ZyB3aWR0aD0iMSIgaGVpZ2h0PSIxIiB4bWxucz0iaHR0cDovL3d3dy53My5vcmcvMjAwMC9zdmciPjwvc3ZnPg==\" style=\"--smush-placeholder-width: 735px; --smush-placeholder-aspect-ratio: 735\/980;\" \/><\/figure><\/li><\/ul><\/figure>\n\n\n\n<p><\/p>\n\n\n\n<p><\/p>\n","protected":false},"excerpt":{"rendered":"<p>Aufgrund der derzeitigen Pandemiesituation werden werden wir auch 2021 den lebendigen Adventskalender nicht mit einem gemeinsamen Treffen an den jeweiligen Fenstern anbieten k\u00f6nnen. Aber wie schon 2020 freuen wir uns, dass einige Familien bereit sind, Fenster als Adventsfenster zu gestalten und an bestimmten Tagen erstmalig zu \u00f6ffnen.<\/p>\n","protected":false},"author":1,"featured_media":4695,"comment_status":"closed","ping_status":"open","sticky":false,"template":"","format":"standard","meta":{"_jetpack_newsletter_access":"","_jetpack_dont_email_post_to_subs":false,"_jetpack_newsletter_tier_id":0,"_jetpack_memberships_contains_paywalled_content":false,"_jetpack_memberships_contains_paid_content":false,"footnotes":""},"categories":[8],"tags":[],"class_list":["post-4623","post","type-post","status-publish","format-standard","has-post-thumbnail","hentry","category-berichte"],"jetpack_featured_media_url":"https:\/\/i0.wp.com\/wilhelmsdorf-evangelisch.de\/wp-content\/uploads\/2021\/12\/WhatsApp-Image-2021-12-10-at-20.03.33.jpeg?fit=1600%2C1200&ssl=1","jetpack_sharing_enabled":true,"jetpack_shortlink":"https:\/\/wp.me\/p8teGU-1cz","_links":{"self":[{"href":"https:\/\/wilhelmsdorf-evangelisch.de\/index.php?rest_route=\/wp\/v2\/posts\/4623","targetHints":{"allow":["GET"]}}],"collection":[{"href":"https:\/\/wilhelmsdorf-evangelisch.de\/index.php?rest_route=\/wp\/v2\/posts"}],"about":[{"href":"https:\/\/wilhelmsdorf-evangelisch.de\/index.php?rest_route=\/wp\/v2\/types\/post"}],"author":[{"embeddable":true,"href":"https:\/\/wilhelmsdorf-evangelisch.de\/index.php?rest_route=\/wp\/v2\/users\/1"}],"replies":[{"embeddable":true,"href":"https:\/\/wilhelmsdorf-evangelisch.de\/index.php?rest_route=%2Fwp%2Fv2%2Fcomments&post=4623"}],"version-history":[{"count":11,"href":"https:\/\/wilhelmsdorf-evangelisch.de\/index.php?rest_route=\/wp\/v2\/posts\/4623\/revisions"}],"predecessor-version":[{"id":4726,"href":"https:\/\/wilhelmsdorf-evangelisch.de\/index.php?rest_route=\/wp\/v2\/posts\/4623\/revisions\/4726"}],"wp:featuredmedia":[{"embeddable":true,"href":"https:\/\/wilhelmsdorf-evangelisch.de\/index.php?rest_route=\/wp\/v2\/media\/4695"}],"wp:attachment":[{"href":"https:\/\/wilhelmsdorf-evangelisch.de\/index.php?rest_route=%2Fwp%2Fv2%2Fmedia&parent=4623"}],"wp:term":[{"taxonomy":"category","embeddable":true,"href":"https:\/\/wilhelmsdorf-evangelisch.de\/index.php?rest_route=%2Fwp%2Fv2%2Fcategories&post=4623"},{"taxonomy":"post_tag","embeddable":true,"href":"https:\/\/wilhelmsdorf-evangelisch.de\/index.php?rest_route=%2Fwp%2Fv2%2Ftags&post=4623"}],"curies":[{"name":"wp","href":"https:\/\/api.w.org\/{rel}","templated":true}]}}