{"id":4601,"date":"2021-11-23T12:29:00","date_gmt":"2021-11-23T11:29:00","guid":{"rendered":"https:\/\/wilhelmsdorf-evangelisch.de\/?p=4601"},"modified":"2021-11-28T15:16:23","modified_gmt":"2021-11-28T14:16:23","slug":"familienkirche-am-7-november-macht-dir-nicht-so-viele-sorgen","status":"publish","type":"post","link":"https:\/\/wilhelmsdorf-evangelisch.de\/?p=4601","title":{"rendered":"Familienkirche am 1. Advent: Vier besondere T\u00fcrchen!"},"content":{"rendered":"\n<p><\/p>\n\n\n\n<p><\/p>\n\n\n\n<p>Es ist wohl die spannendste Zeit im Jahr: T\u00e4glich \u00fcberrascht uns der Adventskalender. Sonntag f\u00fcr Sonntag wird eine zus\u00e4tzliche Kerze auf dem Adventskranz entz\u00fcndet.<br>In der Familienkirche werden wir mit euch einen kleinen Adents-Kalender bauen: F\u00fcr den Ersten, zweiten, dritten und vierten Advent. Mal sehen, was in den einzelnen Schachteln liegen wird.<\/p>\n\n\n\n<p class=\"has-vivid-red-color has-text-color\">Bitte beachtet: Diesen Gottesdienst feiern wir unter den 3G-Regeln. Erwachsene ben\u00f6tigen darum einen entsprechenden Nachweis \u00fcber Impfung\/Test\/ Genesung. Die Kinder ben\u00f6tigen keinen Nachweis, da sie unter sechs Jahren keinen Test erfordern und Schulkinder ja in der Schule getestet werden. Im Kirchenraum ben\u00f6tigen wir ab 6 Jahren eine Maske. Wir danken f\u00fcr euer Verst\u00e4ndnis.<\/p>\n\n\n\n<div class=\"wp-block-media-text alignwide is-stacked-on-mobile\"><figure class=\"wp-block-media-text__media\"><img data-recalc-dims=\"1\" decoding=\"async\" width=\"735\" height=\"436\" data-attachment-id=\"4652\" data-permalink=\"https:\/\/wilhelmsdorf-evangelisch.de\/?attachment_id=4652\" data-orig-file=\"https:\/\/i0.wp.com\/wilhelmsdorf-evangelisch.de\/wp-content\/uploads\/2021\/11\/Familienkirche-Dez-2021-e1637666487665.png?fit=1415%2C840&amp;ssl=1\" data-orig-size=\"1415,840\" data-comments-opened=\"0\" data-image-meta=\"{&quot;aperture&quot;:&quot;0&quot;,&quot;credit&quot;:&quot;&quot;,&quot;camera&quot;:&quot;&quot;,&quot;caption&quot;:&quot;&quot;,&quot;created_timestamp&quot;:&quot;0&quot;,&quot;copyright&quot;:&quot;&quot;,&quot;focal_length&quot;:&quot;0&quot;,&quot;iso&quot;:&quot;0&quot;,&quot;shutter_speed&quot;:&quot;0&quot;,&quot;title&quot;:&quot;&quot;,&quot;orientation&quot;:&quot;0&quot;}\" data-image-title=\"Familienkirche Dez 2021\" data-image-description=\"\" data-image-caption=\"\" data-large-file=\"https:\/\/i0.wp.com\/wilhelmsdorf-evangelisch.de\/wp-content\/uploads\/2021\/11\/Familienkirche-Dez-2021-e1637666487665.png?fit=735%2C436&amp;ssl=1\" data-src=\"https:\/\/i0.wp.com\/wilhelmsdorf-evangelisch.de\/wp-content\/uploads\/2021\/11\/Familienkirche-Dez-2021-e1637666487665-1024x608.png?resize=735%2C436&#038;ssl=1\" alt=\"Familienkirche\" class=\"wp-image-4652 size-full lazyload\" data-srcset=\"https:\/\/i0.wp.com\/wilhelmsdorf-evangelisch.de\/wp-content\/uploads\/2021\/11\/Familienkirche-Dez-2021-e1637666487665.png?resize=1024%2C608&amp;ssl=1 1024w, https:\/\/i0.wp.com\/wilhelmsdorf-evangelisch.de\/wp-content\/uploads\/2021\/11\/Familienkirche-Dez-2021-e1637666487665.png?resize=300%2C178&amp;ssl=1 300w, https:\/\/i0.wp.com\/wilhelmsdorf-evangelisch.de\/wp-content\/uploads\/2021\/11\/Familienkirche-Dez-2021-e1637666487665.png?resize=768%2C456&amp;ssl=1 768w, https:\/\/i0.wp.com\/wilhelmsdorf-evangelisch.de\/wp-content\/uploads\/2021\/11\/Familienkirche-Dez-2021-e1637666487665.png?w=1415&amp;ssl=1 1415w\" data-sizes=\"(max-width: 735px) 100vw, 735px\" src=\"data:image\/svg+xml;base64,PHN2ZyB3aWR0aD0iMSIgaGVpZ2h0PSIxIiB4bWxucz0iaHR0cDovL3d3dy53My5vcmcvMjAwMC9zdmciPjwvc3ZnPg==\" style=\"--smush-placeholder-width: 735px; --smush-placeholder-aspect-ratio: 735\/436;\" \/><\/figure><div class=\"wp-block-media-text__content\">\n<p class=\"has-medium-font-size\"><strong>Sonntag,<\/strong> <strong>28. November 2021<\/strong><\/p>\n\n\n\n<p class=\"has-medium-font-size\"><strong><\/strong><strong>um 11.00 Uhr<\/strong><\/p>\n\n\n\n<p class=\"has-medium-font-size\"><strong>Hugenottenkirche<\/strong> <strong>Wilhelmsdorf<\/strong><\/p>\n<\/div><\/div>\n","protected":false},"excerpt":{"rendered":"<p>Es ist wohl die spannendste Zeit im Jahr: T\u00e4glich \u00fcberrascht uns der Adventskalender. Sonntag f\u00fcr Sonntag wird eine zus\u00e4tzliche Kerze auf dem Adventskranz entz\u00fcndet.<br \/>\nIn der Familienkirche werden wir mit euch einen kleinen Adents-Kalender bauen: F\u00fcr den Ersten, zweiten, dritten und vierten Advent. Mal sehen, was in den einzelnen Schachteln liegen wird.<\/p>\n","protected":false},"author":1,"featured_media":4652,"comment_status":"closed","ping_status":"open","sticky":false,"template":"","format":"standard","meta":{"_jetpack_newsletter_access":"","_jetpack_dont_email_post_to_subs":false,"_jetpack_newsletter_tier_id":0,"_jetpack_memberships_contains_paywalled_content":false,"_jetpack_memberships_contains_paid_content":false,"footnotes":""},"categories":[1],"tags":[],"class_list":["post-4601","post","type-post","status-publish","format-standard","has-post-thumbnail","hentry","category-uncategorized"],"jetpack_featured_media_url":"https:\/\/i0.wp.com\/wilhelmsdorf-evangelisch.de\/wp-content\/uploads\/2021\/11\/Familienkirche-Dez-2021-e1637666487665.png?fit=1415%2C840&ssl=1","jetpack_sharing_enabled":true,"jetpack_shortlink":"https:\/\/wp.me\/p8teGU-1cd","_links":{"self":[{"href":"https:\/\/wilhelmsdorf-evangelisch.de\/index.php?rest_route=\/wp\/v2\/posts\/4601","targetHints":{"allow":["GET"]}}],"collection":[{"href":"https:\/\/wilhelmsdorf-evangelisch.de\/index.php?rest_route=\/wp\/v2\/posts"}],"about":[{"href":"https:\/\/wilhelmsdorf-evangelisch.de\/index.php?rest_route=\/wp\/v2\/types\/post"}],"author":[{"embeddable":true,"href":"https:\/\/wilhelmsdorf-evangelisch.de\/index.php?rest_route=\/wp\/v2\/users\/1"}],"replies":[{"embeddable":true,"href":"https:\/\/wilhelmsdorf-evangelisch.de\/index.php?rest_route=%2Fwp%2Fv2%2Fcomments&post=4601"}],"version-history":[{"count":2,"href":"https:\/\/wilhelmsdorf-evangelisch.de\/index.php?rest_route=\/wp\/v2\/posts\/4601\/revisions"}],"predecessor-version":[{"id":4655,"href":"https:\/\/wilhelmsdorf-evangelisch.de\/index.php?rest_route=\/wp\/v2\/posts\/4601\/revisions\/4655"}],"wp:featuredmedia":[{"embeddable":true,"href":"https:\/\/wilhelmsdorf-evangelisch.de\/index.php?rest_route=\/wp\/v2\/media\/4652"}],"wp:attachment":[{"href":"https:\/\/wilhelmsdorf-evangelisch.de\/index.php?rest_route=%2Fwp%2Fv2%2Fmedia&parent=4601"}],"wp:term":[{"taxonomy":"category","embeddable":true,"href":"https:\/\/wilhelmsdorf-evangelisch.de\/index.php?rest_route=%2Fwp%2Fv2%2Fcategories&post=4601"},{"taxonomy":"post_tag","embeddable":true,"href":"https:\/\/wilhelmsdorf-evangelisch.de\/index.php?rest_route=%2Fwp%2Fv2%2Ftags&post=4601"}],"curies":[{"name":"wp","href":"https:\/\/api.w.org\/{rel}","templated":true}]}}