{"id":4538,"date":"2021-10-04T11:51:19","date_gmt":"2021-10-04T09:51:19","guid":{"rendered":"https:\/\/wilhelmsdorf-evangelisch.de\/?p=4538"},"modified":"2021-11-23T15:05:54","modified_gmt":"2021-11-23T14:05:54","slug":"bilder-vom-erntedankfest-2021-in-brunn-und-wilhelmsdorf","status":"publish","type":"post","link":"https:\/\/wilhelmsdorf-evangelisch.de\/?p=4538","title":{"rendered":"Bilder vom Erntedankfest 2021 in Brunn und Wilhelmsdorf"},"content":{"rendered":"\n<p>Am 3 .Oktober 2021 haben wir in unseren Gemeinden Erntedankfest gefeiert. In beiden Gottesdiensten haben auch unsere Posaunench\u00f6re  den Festgottesdienst mitgestaltet.<br>Beide Kirchen waren mit den Gaben unserer Gemeindeglieder pr\u00e4chtig geschm\u00fcckt worden. Wir sagen den flei\u00dfigen Helfern herzlich Dankesch\u00f6n.<br>In Brunn hat an diesem Tag der Kindergottesdienst wieder begonnen. Dazu konnten wir die neue selbstgestaltete KiGo-Kerze zum ersten Mal wieder anbrennen. In Wilhelmsdorf haben wir auch wieder einmal Familienkirche feiern k\u00f6nnen. Dabei ging es um Windr\u00e4der und die bunte Vielfalt der Menschen. Am Montag hat der Kindergarten Brunn unsere Kirche besucht. Im Rahmen einer kleinen Andacht haben die Kinder einen bunten Regenbogen aus farbig sortierten Erntedankgaben gelegt.<\/p>\n\n\n\n<div class=\"wp-block-jetpack-tiled-gallery aligncenter is-style-rectangular\"><div class=\"tiled-gallery__gallery\"><div class=\"tiled-gallery__row\"><div class=\"tiled-gallery__col\" style=\"flex-basis:100.00000%\"><figure class=\"tiled-gallery__item\"><a href=\"https:\/\/i0.wp.com\/wilhelmsdorf-evangelisch.de\/wp-content\/uploads\/2021\/10\/20211004_103217-1024x498.jpg?ssl=1\"><img decoding=\"async\" data-attachment-id=\"4539\" data-permalink=\"https:\/\/wilhelmsdorf-evangelisch.de\/?attachment_id=4539\" data-orig-file=\"https:\/\/i0.wp.com\/wilhelmsdorf-evangelisch.de\/wp-content\/uploads\/2021\/10\/20211004_103217-scaled.jpg?fit=2048%2C996&amp;ssl=1\" data-orig-size=\"2048,996\" data-comments-opened=\"0\" data-image-meta=\"{&quot;aperture&quot;:&quot;0&quot;,&quot;credit&quot;:&quot;&quot;,&quot;camera&quot;:&quot;&quot;,&quot;caption&quot;:&quot;&quot;,&quot;created_timestamp&quot;:&quot;0&quot;,&quot;copyright&quot;:&quot;&quot;,&quot;focal_length&quot;:&quot;0&quot;,&quot;iso&quot;:&quot;0&quot;,&quot;shutter_speed&quot;:&quot;0&quot;,&quot;title&quot;:&quot;&quot;,&quot;orientation&quot;:&quot;0&quot;}\" data-image-title=\"20211004_103217\" data-image-description=\"\" data-image-caption=\"&lt;p&gt;Entedankschmuck in Brunn&lt;\/p&gt;\n\" data-large-file=\"https:\/\/i0.wp.com\/wilhelmsdorf-evangelisch.de\/wp-content\/uploads\/2021\/10\/20211004_103217-scaled.jpg?fit=735%2C357&amp;ssl=1\" data-attachment-id=\"4539\" data-permalink=\"https:\/\/wilhelmsdorf-evangelisch.de\/?attachment_id=4539\" data-orig-file=\"https:\/\/i0.wp.com\/wilhelmsdorf-evangelisch.de\/wp-content\/uploads\/2021\/10\/20211004_103217-scaled.jpg?fit=2048%2C996&amp;ssl=1\" data-orig-size=\"2048,996\" data-comments-opened=\"0\" data-image-meta=\"{&quot;aperture&quot;:&quot;0&quot;,&quot;credit&quot;:&quot;&quot;,&quot;camera&quot;:&quot;&quot;,&quot;caption&quot;:&quot;&quot;,&quot;created_timestamp&quot;:&quot;0&quot;,&quot;copyright&quot;:&quot;&quot;,&quot;focal_length&quot;:&quot;0&quot;,&quot;iso&quot;:&quot;0&quot;,&quot;shutter_speed&quot;:&quot;0&quot;,&quot;title&quot;:&quot;&quot;,&quot;orientation&quot;:&quot;0&quot;}\" data-image-title=\"20211004_103217\" data-image-description=\"\" data-image-caption=\"&lt;p&gt;Entedankschmuck in Brunn&lt;\/p&gt;\n\" data-large-file=\"https:\/\/i0.wp.com\/wilhelmsdorf-evangelisch.de\/wp-content\/uploads\/2021\/10\/20211004_103217-scaled.jpg?fit=735%2C357&amp;ssl=1\" role=\"button\" tabindex=\"0\" aria-label=\"Bild\u00a01 von 7 im Vollbildmodus \u00f6ffnen\"data-srcset=\"https:\/\/i0.wp.com\/wilhelmsdorf-evangelisch.de\/wp-content\/uploads\/2021\/10\/20211004_103217-1024x498.jpg?strip=info&#038;w=600&#038;ssl=1 600w,https:\/\/i0.wp.com\/wilhelmsdorf-evangelisch.de\/wp-content\/uploads\/2021\/10\/20211004_103217-1024x498.jpg?strip=info&#038;w=900&#038;ssl=1 900w,https:\/\/i0.wp.com\/wilhelmsdorf-evangelisch.de\/wp-content\/uploads\/2021\/10\/20211004_103217-1024x498.jpg?strip=info&#038;w=1200&#038;ssl=1 1200w,https:\/\/i0.wp.com\/wilhelmsdorf-evangelisch.de\/wp-content\/uploads\/2021\/10\/20211004_103217-1024x498.jpg?strip=info&#038;w=1500&#038;ssl=1 1500w,https:\/\/i0.wp.com\/wilhelmsdorf-evangelisch.de\/wp-content\/uploads\/2021\/10\/20211004_103217-1024x498.jpg?strip=info&#038;w=1800&#038;ssl=1 1800w,https:\/\/i0.wp.com\/wilhelmsdorf-evangelisch.de\/wp-content\/uploads\/2021\/10\/20211004_103217-1024x498.jpg?strip=info&#038;w=2000&#038;ssl=1 2000w\" alt=\"Entedankschmuck in Brunn\" data-height=\"996\" data-id=\"4539\" data-link=\"https:\/\/wilhelmsdorf-evangelisch.de\/?attachment_id=4539\" data-url=\"https:\/\/wilhelmsdorf-evangelisch.de\/wp-content\/uploads\/2021\/10\/20211004_103217-1024x498.jpg\" data-width=\"2048\" data-src=\"https:\/\/i0.wp.com\/wilhelmsdorf-evangelisch.de\/wp-content\/uploads\/2021\/10\/20211004_103217-1024x498.jpg?ssl=1\" data-amp-layout=\"responsive\" src=\"data:image\/svg+xml;base64,PHN2ZyB3aWR0aD0iMSIgaGVpZ2h0PSIxIiB4bWxucz0iaHR0cDovL3d3dy53My5vcmcvMjAwMC9zdmciPjwvc3ZnPg==\" class=\"lazyload\" style=\"--smush-placeholder-width: 1024px; --smush-placeholder-aspect-ratio: 1024\/498;\" \/><\/a><\/figure><\/div><\/div><div class=\"tiled-gallery__row\"><div class=\"tiled-gallery__col\" style=\"flex-basis:100.00000%\"><figure class=\"tiled-gallery__item\"><a href=\"https:\/\/i1.wp.com\/wilhelmsdorf-evangelisch.de\/wp-content\/uploads\/2021\/10\/20211004_103124-1024x498.jpg?ssl=1\"><img decoding=\"async\" data-attachment-id=\"4541\" data-permalink=\"https:\/\/wilhelmsdorf-evangelisch.de\/?attachment_id=4541\" data-orig-file=\"https:\/\/i0.wp.com\/wilhelmsdorf-evangelisch.de\/wp-content\/uploads\/2021\/10\/20211004_103124-scaled.jpg?fit=2048%2C996&amp;ssl=1\" data-orig-size=\"2048,996\" data-comments-opened=\"0\" data-image-meta=\"{&quot;aperture&quot;:&quot;0&quot;,&quot;credit&quot;:&quot;&quot;,&quot;camera&quot;:&quot;&quot;,&quot;caption&quot;:&quot;&quot;,&quot;created_timestamp&quot;:&quot;0&quot;,&quot;copyright&quot;:&quot;&quot;,&quot;focal_length&quot;:&quot;0&quot;,&quot;iso&quot;:&quot;0&quot;,&quot;shutter_speed&quot;:&quot;0&quot;,&quot;title&quot;:&quot;&quot;,&quot;orientation&quot;:&quot;0&quot;}\" data-image-title=\"20211004_103124\" data-image-description=\"\" data-image-caption=\"&lt;p&gt;Ein Regenbogen zu Erntedank in der Kirche in Brunn&lt;\/p&gt;\n\" data-large-file=\"https:\/\/i0.wp.com\/wilhelmsdorf-evangelisch.de\/wp-content\/uploads\/2021\/10\/20211004_103124-scaled.jpg?fit=735%2C357&amp;ssl=1\" data-attachment-id=\"4541\" data-permalink=\"https:\/\/wilhelmsdorf-evangelisch.de\/?attachment_id=4541\" data-orig-file=\"https:\/\/i0.wp.com\/wilhelmsdorf-evangelisch.de\/wp-content\/uploads\/2021\/10\/20211004_103124-scaled.jpg?fit=2048%2C996&amp;ssl=1\" data-orig-size=\"2048,996\" data-comments-opened=\"0\" data-image-meta=\"{&quot;aperture&quot;:&quot;0&quot;,&quot;credit&quot;:&quot;&quot;,&quot;camera&quot;:&quot;&quot;,&quot;caption&quot;:&quot;&quot;,&quot;created_timestamp&quot;:&quot;0&quot;,&quot;copyright&quot;:&quot;&quot;,&quot;focal_length&quot;:&quot;0&quot;,&quot;iso&quot;:&quot;0&quot;,&quot;shutter_speed&quot;:&quot;0&quot;,&quot;title&quot;:&quot;&quot;,&quot;orientation&quot;:&quot;0&quot;}\" data-image-title=\"20211004_103124\" data-image-description=\"\" data-image-caption=\"&lt;p&gt;Ein Regenbogen zu Erntedank in der Kirche in Brunn&lt;\/p&gt;\n\" data-large-file=\"https:\/\/i0.wp.com\/wilhelmsdorf-evangelisch.de\/wp-content\/uploads\/2021\/10\/20211004_103124-scaled.jpg?fit=735%2C357&amp;ssl=1\" role=\"button\" tabindex=\"0\" aria-label=\"Bild\u00a02 von 7 im Vollbildmodus \u00f6ffnen\"data-srcset=\"https:\/\/i1.wp.com\/wilhelmsdorf-evangelisch.de\/wp-content\/uploads\/2021\/10\/20211004_103124-1024x498.jpg?strip=info&#038;w=600&#038;ssl=1 600w,https:\/\/i1.wp.com\/wilhelmsdorf-evangelisch.de\/wp-content\/uploads\/2021\/10\/20211004_103124-1024x498.jpg?strip=info&#038;w=900&#038;ssl=1 900w,https:\/\/i1.wp.com\/wilhelmsdorf-evangelisch.de\/wp-content\/uploads\/2021\/10\/20211004_103124-1024x498.jpg?strip=info&#038;w=1200&#038;ssl=1 1200w,https:\/\/i1.wp.com\/wilhelmsdorf-evangelisch.de\/wp-content\/uploads\/2021\/10\/20211004_103124-1024x498.jpg?strip=info&#038;w=1500&#038;ssl=1 1500w,https:\/\/i1.wp.com\/wilhelmsdorf-evangelisch.de\/wp-content\/uploads\/2021\/10\/20211004_103124-1024x498.jpg?strip=info&#038;w=1800&#038;ssl=1 1800w,https:\/\/i1.wp.com\/wilhelmsdorf-evangelisch.de\/wp-content\/uploads\/2021\/10\/20211004_103124-1024x498.jpg?strip=info&#038;w=2000&#038;ssl=1 2000w\" alt=\"Ein Regenbogen zu Erntedank in der Kirche in Brunn\" data-height=\"996\" data-id=\"4541\" data-link=\"https:\/\/wilhelmsdorf-evangelisch.de\/?attachment_id=4541\" data-url=\"https:\/\/wilhelmsdorf-evangelisch.de\/wp-content\/uploads\/2021\/10\/20211004_103124-1024x498.jpg\" data-width=\"2048\" data-src=\"https:\/\/i1.wp.com\/wilhelmsdorf-evangelisch.de\/wp-content\/uploads\/2021\/10\/20211004_103124-1024x498.jpg?ssl=1\" data-amp-layout=\"responsive\" src=\"data:image\/svg+xml;base64,PHN2ZyB3aWR0aD0iMSIgaGVpZ2h0PSIxIiB4bWxucz0iaHR0cDovL3d3dy53My5vcmcvMjAwMC9zdmciPjwvc3ZnPg==\" class=\"lazyload\" style=\"--smush-placeholder-width: 1024px; --smush-placeholder-aspect-ratio: 1024\/498;\" \/><\/a><\/figure><\/div><\/div><div class=\"tiled-gallery__row\"><div class=\"tiled-gallery__col\" style=\"flex-basis:100.00000%\"><figure class=\"tiled-gallery__item\"><a href=\"https:\/\/i1.wp.com\/wilhelmsdorf-evangelisch.de\/wp-content\/uploads\/2021\/10\/20211003_122253-1024x498.jpg?ssl=1\"><img decoding=\"async\" data-attachment-id=\"4543\" data-permalink=\"https:\/\/wilhelmsdorf-evangelisch.de\/?attachment_id=4543\" data-orig-file=\"https:\/\/i0.wp.com\/wilhelmsdorf-evangelisch.de\/wp-content\/uploads\/2021\/10\/20211003_122253-scaled.jpg?fit=2048%2C996&amp;ssl=1\" data-orig-size=\"2048,996\" data-comments-opened=\"0\" data-image-meta=\"{&quot;aperture&quot;:&quot;0&quot;,&quot;credit&quot;:&quot;&quot;,&quot;camera&quot;:&quot;&quot;,&quot;caption&quot;:&quot;&quot;,&quot;created_timestamp&quot;:&quot;0&quot;,&quot;copyright&quot;:&quot;&quot;,&quot;focal_length&quot;:&quot;0&quot;,&quot;iso&quot;:&quot;0&quot;,&quot;shutter_speed&quot;:&quot;0&quot;,&quot;title&quot;:&quot;&quot;,&quot;orientation&quot;:&quot;0&quot;}\" data-image-title=\"20211003_122253\" data-image-description=\"\" data-image-caption=\"&lt;p&gt;Erntedankschmuck in Wilhelmsdorf&lt;\/p&gt;\n\" data-large-file=\"https:\/\/i0.wp.com\/wilhelmsdorf-evangelisch.de\/wp-content\/uploads\/2021\/10\/20211003_122253-scaled.jpg?fit=735%2C357&amp;ssl=1\" data-attachment-id=\"4543\" data-permalink=\"https:\/\/wilhelmsdorf-evangelisch.de\/?attachment_id=4543\" data-orig-file=\"https:\/\/i0.wp.com\/wilhelmsdorf-evangelisch.de\/wp-content\/uploads\/2021\/10\/20211003_122253-scaled.jpg?fit=2048%2C996&amp;ssl=1\" data-orig-size=\"2048,996\" data-comments-opened=\"0\" data-image-meta=\"{&quot;aperture&quot;:&quot;0&quot;,&quot;credit&quot;:&quot;&quot;,&quot;camera&quot;:&quot;&quot;,&quot;caption&quot;:&quot;&quot;,&quot;created_timestamp&quot;:&quot;0&quot;,&quot;copyright&quot;:&quot;&quot;,&quot;focal_length&quot;:&quot;0&quot;,&quot;iso&quot;:&quot;0&quot;,&quot;shutter_speed&quot;:&quot;0&quot;,&quot;title&quot;:&quot;&quot;,&quot;orientation&quot;:&quot;0&quot;}\" data-image-title=\"20211003_122253\" data-image-description=\"\" data-image-caption=\"&lt;p&gt;Erntedankschmuck in Wilhelmsdorf&lt;\/p&gt;\n\" data-large-file=\"https:\/\/i0.wp.com\/wilhelmsdorf-evangelisch.de\/wp-content\/uploads\/2021\/10\/20211003_122253-scaled.jpg?fit=735%2C357&amp;ssl=1\" role=\"button\" tabindex=\"0\" aria-label=\"Bild\u00a03 von 7 im Vollbildmodus \u00f6ffnen\"data-srcset=\"https:\/\/i1.wp.com\/wilhelmsdorf-evangelisch.de\/wp-content\/uploads\/2021\/10\/20211003_122253-1024x498.jpg?strip=info&#038;w=600&#038;ssl=1 600w,https:\/\/i1.wp.com\/wilhelmsdorf-evangelisch.de\/wp-content\/uploads\/2021\/10\/20211003_122253-1024x498.jpg?strip=info&#038;w=900&#038;ssl=1 900w,https:\/\/i1.wp.com\/wilhelmsdorf-evangelisch.de\/wp-content\/uploads\/2021\/10\/20211003_122253-1024x498.jpg?strip=info&#038;w=1200&#038;ssl=1 1200w,https:\/\/i1.wp.com\/wilhelmsdorf-evangelisch.de\/wp-content\/uploads\/2021\/10\/20211003_122253-1024x498.jpg?strip=info&#038;w=1500&#038;ssl=1 1500w,https:\/\/i1.wp.com\/wilhelmsdorf-evangelisch.de\/wp-content\/uploads\/2021\/10\/20211003_122253-1024x498.jpg?strip=info&#038;w=1800&#038;ssl=1 1800w,https:\/\/i1.wp.com\/wilhelmsdorf-evangelisch.de\/wp-content\/uploads\/2021\/10\/20211003_122253-1024x498.jpg?strip=info&#038;w=2000&#038;ssl=1 2000w\" alt=\"Erntedankschmuck in Wilhelmsdorf\" data-height=\"996\" data-id=\"4543\" data-link=\"https:\/\/wilhelmsdorf-evangelisch.de\/?attachment_id=4543\" data-url=\"https:\/\/wilhelmsdorf-evangelisch.de\/wp-content\/uploads\/2021\/10\/20211003_122253-1024x498.jpg\" data-width=\"2048\" data-src=\"https:\/\/i1.wp.com\/wilhelmsdorf-evangelisch.de\/wp-content\/uploads\/2021\/10\/20211003_122253-1024x498.jpg?ssl=1\" data-amp-layout=\"responsive\" src=\"data:image\/svg+xml;base64,PHN2ZyB3aWR0aD0iMSIgaGVpZ2h0PSIxIiB4bWxucz0iaHR0cDovL3d3dy53My5vcmcvMjAwMC9zdmciPjwvc3ZnPg==\" class=\"lazyload\" style=\"--smush-placeholder-width: 1024px; --smush-placeholder-aspect-ratio: 1024\/498;\" \/><\/a><\/figure><\/div><\/div><div class=\"tiled-gallery__row\"><div class=\"tiled-gallery__col\" style=\"flex-basis:30.84254%\"><figure class=\"tiled-gallery__item\"><a href=\"https:\/\/i1.wp.com\/wilhelmsdorf-evangelisch.de\/wp-content\/uploads\/2021\/10\/20211004_103107-1024x498.jpg?ssl=1\"><img decoding=\"async\" data-attachment-id=\"4540\" data-permalink=\"https:\/\/wilhelmsdorf-evangelisch.de\/?attachment_id=4540\" data-orig-file=\"https:\/\/i0.wp.com\/wilhelmsdorf-evangelisch.de\/wp-content\/uploads\/2021\/10\/20211004_103107-scaled.jpg?fit=2048%2C996&amp;ssl=1\" data-orig-size=\"2048,996\" data-comments-opened=\"0\" data-image-meta=\"{&quot;aperture&quot;:&quot;0&quot;,&quot;credit&quot;:&quot;&quot;,&quot;camera&quot;:&quot;&quot;,&quot;caption&quot;:&quot;&quot;,&quot;created_timestamp&quot;:&quot;0&quot;,&quot;copyright&quot;:&quot;&quot;,&quot;focal_length&quot;:&quot;0&quot;,&quot;iso&quot;:&quot;0&quot;,&quot;shutter_speed&quot;:&quot;0&quot;,&quot;title&quot;:&quot;&quot;,&quot;orientation&quot;:&quot;0&quot;}\" data-image-title=\"20211004_103107\" data-image-description=\"\" data-image-caption=\"&lt;p&gt;Die neue Kindergottesdienstkerze am Erntedankaltar in Brunn&lt;\/p&gt;\n\" data-large-file=\"https:\/\/i0.wp.com\/wilhelmsdorf-evangelisch.de\/wp-content\/uploads\/2021\/10\/20211004_103107-scaled.jpg?fit=735%2C357&amp;ssl=1\" data-attachment-id=\"4540\" data-permalink=\"https:\/\/wilhelmsdorf-evangelisch.de\/?attachment_id=4540\" data-orig-file=\"https:\/\/i0.wp.com\/wilhelmsdorf-evangelisch.de\/wp-content\/uploads\/2021\/10\/20211004_103107-scaled.jpg?fit=2048%2C996&amp;ssl=1\" data-orig-size=\"2048,996\" data-comments-opened=\"0\" data-image-meta=\"{&quot;aperture&quot;:&quot;0&quot;,&quot;credit&quot;:&quot;&quot;,&quot;camera&quot;:&quot;&quot;,&quot;caption&quot;:&quot;&quot;,&quot;created_timestamp&quot;:&quot;0&quot;,&quot;copyright&quot;:&quot;&quot;,&quot;focal_length&quot;:&quot;0&quot;,&quot;iso&quot;:&quot;0&quot;,&quot;shutter_speed&quot;:&quot;0&quot;,&quot;title&quot;:&quot;&quot;,&quot;orientation&quot;:&quot;0&quot;}\" data-image-title=\"20211004_103107\" data-image-description=\"\" data-image-caption=\"&lt;p&gt;Die neue Kindergottesdienstkerze am Erntedankaltar in Brunn&lt;\/p&gt;\n\" data-large-file=\"https:\/\/i0.wp.com\/wilhelmsdorf-evangelisch.de\/wp-content\/uploads\/2021\/10\/20211004_103107-scaled.jpg?fit=735%2C357&amp;ssl=1\" role=\"button\" tabindex=\"0\" aria-label=\"Bild\u00a04 von 7 im Vollbildmodus \u00f6ffnen\"data-srcset=\"https:\/\/i1.wp.com\/wilhelmsdorf-evangelisch.de\/wp-content\/uploads\/2021\/10\/20211004_103107-1024x498.jpg?strip=info&#038;w=600&#038;ssl=1 600w,https:\/\/i1.wp.com\/wilhelmsdorf-evangelisch.de\/wp-content\/uploads\/2021\/10\/20211004_103107-1024x498.jpg?strip=info&#038;w=900&#038;ssl=1 900w,https:\/\/i1.wp.com\/wilhelmsdorf-evangelisch.de\/wp-content\/uploads\/2021\/10\/20211004_103107-1024x498.jpg?strip=info&#038;w=1200&#038;ssl=1 1200w,https:\/\/i1.wp.com\/wilhelmsdorf-evangelisch.de\/wp-content\/uploads\/2021\/10\/20211004_103107-1024x498.jpg?strip=info&#038;w=1500&#038;ssl=1 1500w,https:\/\/i1.wp.com\/wilhelmsdorf-evangelisch.de\/wp-content\/uploads\/2021\/10\/20211004_103107-1024x498.jpg?strip=info&#038;w=1800&#038;ssl=1 1800w,https:\/\/i1.wp.com\/wilhelmsdorf-evangelisch.de\/wp-content\/uploads\/2021\/10\/20211004_103107-1024x498.jpg?strip=info&#038;w=2000&#038;ssl=1 2000w\" alt=\"Die neue Kindergottesdienstkerze am Erntedankaltar in Brunn\" data-height=\"996\" data-id=\"4540\" data-link=\"https:\/\/wilhelmsdorf-evangelisch.de\/?attachment_id=4540\" data-url=\"https:\/\/wilhelmsdorf-evangelisch.de\/wp-content\/uploads\/2021\/10\/20211004_103107-1024x498.jpg\" data-width=\"2048\" data-src=\"https:\/\/i1.wp.com\/wilhelmsdorf-evangelisch.de\/wp-content\/uploads\/2021\/10\/20211004_103107-1024x498.jpg?ssl=1\" data-amp-layout=\"responsive\" src=\"data:image\/svg+xml;base64,PHN2ZyB3aWR0aD0iMSIgaGVpZ2h0PSIxIiB4bWxucz0iaHR0cDovL3d3dy53My5vcmcvMjAwMC9zdmciPjwvc3ZnPg==\" class=\"lazyload\" style=\"--smush-placeholder-width: 1024px; --smush-placeholder-aspect-ratio: 1024\/498;\" \/><\/a><\/figure><\/div><div class=\"tiled-gallery__col\" style=\"flex-basis:7.47238%\"><figure class=\"tiled-gallery__item\"><a href=\"https:\/\/i1.wp.com\/wilhelmsdorf-evangelisch.de\/wp-content\/uploads\/2021\/10\/20211003_114025-498x1024.jpg?ssl=1\"><img decoding=\"async\" data-attachment-id=\"4544\" data-permalink=\"https:\/\/wilhelmsdorf-evangelisch.de\/?attachment_id=4544\" data-orig-file=\"https:\/\/i0.wp.com\/wilhelmsdorf-evangelisch.de\/wp-content\/uploads\/2021\/10\/20211003_114025-scaled.jpg?fit=996%2C2048&amp;ssl=1\" data-orig-size=\"996,2048\" data-comments-opened=\"0\" data-image-meta=\"{&quot;aperture&quot;:&quot;0&quot;,&quot;credit&quot;:&quot;&quot;,&quot;camera&quot;:&quot;&quot;,&quot;caption&quot;:&quot;&quot;,&quot;created_timestamp&quot;:&quot;0&quot;,&quot;copyright&quot;:&quot;&quot;,&quot;focal_length&quot;:&quot;0&quot;,&quot;iso&quot;:&quot;0&quot;,&quot;shutter_speed&quot;:&quot;0&quot;,&quot;title&quot;:&quot;&quot;,&quot;orientation&quot;:&quot;0&quot;}\" data-image-title=\"20211003_114025\" data-image-description=\"\" data-image-caption=\"&lt;p&gt;WIndr\u00e4der zu Erntedank in der Produktion&lt;\/p&gt;\n\" data-large-file=\"https:\/\/i0.wp.com\/wilhelmsdorf-evangelisch.de\/wp-content\/uploads\/2021\/10\/20211003_114025-scaled.jpg?fit=498%2C1024&amp;ssl=1\" data-attachment-id=\"4544\" data-permalink=\"https:\/\/wilhelmsdorf-evangelisch.de\/?attachment_id=4544\" data-orig-file=\"https:\/\/i0.wp.com\/wilhelmsdorf-evangelisch.de\/wp-content\/uploads\/2021\/10\/20211003_114025-scaled.jpg?fit=996%2C2048&amp;ssl=1\" data-orig-size=\"996,2048\" data-comments-opened=\"0\" data-image-meta=\"{&quot;aperture&quot;:&quot;0&quot;,&quot;credit&quot;:&quot;&quot;,&quot;camera&quot;:&quot;&quot;,&quot;caption&quot;:&quot;&quot;,&quot;created_timestamp&quot;:&quot;0&quot;,&quot;copyright&quot;:&quot;&quot;,&quot;focal_length&quot;:&quot;0&quot;,&quot;iso&quot;:&quot;0&quot;,&quot;shutter_speed&quot;:&quot;0&quot;,&quot;title&quot;:&quot;&quot;,&quot;orientation&quot;:&quot;0&quot;}\" data-image-title=\"20211003_114025\" data-image-description=\"\" data-image-caption=\"&lt;p&gt;WIndr\u00e4der zu Erntedank in der Produktion&lt;\/p&gt;\n\" data-large-file=\"https:\/\/i0.wp.com\/wilhelmsdorf-evangelisch.de\/wp-content\/uploads\/2021\/10\/20211003_114025-scaled.jpg?fit=498%2C1024&amp;ssl=1\" role=\"button\" tabindex=\"0\" aria-label=\"Bild\u00a05 von 7 im Vollbildmodus \u00f6ffnen\"data-srcset=\"https:\/\/i1.wp.com\/wilhelmsdorf-evangelisch.de\/wp-content\/uploads\/2021\/10\/20211003_114025-498x1024.jpg?strip=info&#038;w=600&#038;ssl=1 600w,https:\/\/i1.wp.com\/wilhelmsdorf-evangelisch.de\/wp-content\/uploads\/2021\/10\/20211003_114025-498x1024.jpg?strip=info&#038;w=900&#038;ssl=1 900w,https:\/\/i1.wp.com\/wilhelmsdorf-evangelisch.de\/wp-content\/uploads\/2021\/10\/20211003_114025-498x1024.jpg?strip=info&#038;w=996&#038;ssl=1 996w\" alt=\"WIndr\u00e4der zu Erntedank in der Produktion\" data-height=\"2048\" data-id=\"4544\" data-link=\"https:\/\/wilhelmsdorf-evangelisch.de\/?attachment_id=4544\" data-url=\"https:\/\/wilhelmsdorf-evangelisch.de\/wp-content\/uploads\/2021\/10\/20211003_114025-498x1024.jpg\" data-width=\"996\" data-src=\"https:\/\/i1.wp.com\/wilhelmsdorf-evangelisch.de\/wp-content\/uploads\/2021\/10\/20211003_114025-498x1024.jpg?ssl=1\" data-amp-layout=\"responsive\" src=\"data:image\/svg+xml;base64,PHN2ZyB3aWR0aD0iMSIgaGVpZ2h0PSIxIiB4bWxucz0iaHR0cDovL3d3dy53My5vcmcvMjAwMC9zdmciPjwvc3ZnPg==\" class=\"lazyload\" style=\"--smush-placeholder-width: 498px; --smush-placeholder-aspect-ratio: 498\/1024;\" \/><\/a><\/figure><\/div><div class=\"tiled-gallery__col\" style=\"flex-basis:30.84254%\"><figure class=\"tiled-gallery__item\"><a href=\"https:\/\/i0.wp.com\/wilhelmsdorf-evangelisch.de\/wp-content\/uploads\/2021\/10\/20211003_112815-1024x498.jpg?ssl=1\"><img decoding=\"async\" data-attachment-id=\"4545\" data-permalink=\"https:\/\/wilhelmsdorf-evangelisch.de\/?attachment_id=4545\" data-orig-file=\"https:\/\/i0.wp.com\/wilhelmsdorf-evangelisch.de\/wp-content\/uploads\/2021\/10\/20211003_112815-scaled.jpg?fit=2048%2C996&amp;ssl=1\" data-orig-size=\"2048,996\" data-comments-opened=\"0\" data-image-meta=\"{&quot;aperture&quot;:&quot;0&quot;,&quot;credit&quot;:&quot;&quot;,&quot;camera&quot;:&quot;&quot;,&quot;caption&quot;:&quot;&quot;,&quot;created_timestamp&quot;:&quot;0&quot;,&quot;copyright&quot;:&quot;&quot;,&quot;focal_length&quot;:&quot;0&quot;,&quot;iso&quot;:&quot;0&quot;,&quot;shutter_speed&quot;:&quot;0&quot;,&quot;title&quot;:&quot;&quot;,&quot;orientation&quot;:&quot;0&quot;}\" data-image-title=\"20211003_112815\" data-image-description=\"\" data-image-caption=\"&lt;p&gt;Spielzene in der Familienkirche&lt;\/p&gt;\n\" data-large-file=\"https:\/\/i0.wp.com\/wilhelmsdorf-evangelisch.de\/wp-content\/uploads\/2021\/10\/20211003_112815-scaled.jpg?fit=735%2C357&amp;ssl=1\" data-attachment-id=\"4545\" data-permalink=\"https:\/\/wilhelmsdorf-evangelisch.de\/?attachment_id=4545\" data-orig-file=\"https:\/\/i0.wp.com\/wilhelmsdorf-evangelisch.de\/wp-content\/uploads\/2021\/10\/20211003_112815-scaled.jpg?fit=2048%2C996&amp;ssl=1\" data-orig-size=\"2048,996\" data-comments-opened=\"0\" data-image-meta=\"{&quot;aperture&quot;:&quot;0&quot;,&quot;credit&quot;:&quot;&quot;,&quot;camera&quot;:&quot;&quot;,&quot;caption&quot;:&quot;&quot;,&quot;created_timestamp&quot;:&quot;0&quot;,&quot;copyright&quot;:&quot;&quot;,&quot;focal_length&quot;:&quot;0&quot;,&quot;iso&quot;:&quot;0&quot;,&quot;shutter_speed&quot;:&quot;0&quot;,&quot;title&quot;:&quot;&quot;,&quot;orientation&quot;:&quot;0&quot;}\" data-image-title=\"20211003_112815\" data-image-description=\"\" data-image-caption=\"&lt;p&gt;Spielzene in der Familienkirche&lt;\/p&gt;\n\" data-large-file=\"https:\/\/i0.wp.com\/wilhelmsdorf-evangelisch.de\/wp-content\/uploads\/2021\/10\/20211003_112815-scaled.jpg?fit=735%2C357&amp;ssl=1\" role=\"button\" tabindex=\"0\" aria-label=\"Bild\u00a06 von 7 im Vollbildmodus \u00f6ffnen\"data-srcset=\"https:\/\/i0.wp.com\/wilhelmsdorf-evangelisch.de\/wp-content\/uploads\/2021\/10\/20211003_112815-1024x498.jpg?strip=info&#038;w=600&#038;ssl=1 600w,https:\/\/i0.wp.com\/wilhelmsdorf-evangelisch.de\/wp-content\/uploads\/2021\/10\/20211003_112815-1024x498.jpg?strip=info&#038;w=900&#038;ssl=1 900w,https:\/\/i0.wp.com\/wilhelmsdorf-evangelisch.de\/wp-content\/uploads\/2021\/10\/20211003_112815-1024x498.jpg?strip=info&#038;w=1200&#038;ssl=1 1200w,https:\/\/i0.wp.com\/wilhelmsdorf-evangelisch.de\/wp-content\/uploads\/2021\/10\/20211003_112815-1024x498.jpg?strip=info&#038;w=1500&#038;ssl=1 1500w,https:\/\/i0.wp.com\/wilhelmsdorf-evangelisch.de\/wp-content\/uploads\/2021\/10\/20211003_112815-1024x498.jpg?strip=info&#038;w=1800&#038;ssl=1 1800w,https:\/\/i0.wp.com\/wilhelmsdorf-evangelisch.de\/wp-content\/uploads\/2021\/10\/20211003_112815-1024x498.jpg?strip=info&#038;w=2000&#038;ssl=1 2000w\" alt=\"Spielzene in der Familienkirche\" data-height=\"996\" data-id=\"4545\" data-link=\"https:\/\/wilhelmsdorf-evangelisch.de\/?attachment_id=4545\" data-url=\"https:\/\/wilhelmsdorf-evangelisch.de\/wp-content\/uploads\/2021\/10\/20211003_112815-1024x498.jpg\" data-width=\"2048\" data-src=\"https:\/\/i0.wp.com\/wilhelmsdorf-evangelisch.de\/wp-content\/uploads\/2021\/10\/20211003_112815-1024x498.jpg?ssl=1\" data-amp-layout=\"responsive\" src=\"data:image\/svg+xml;base64,PHN2ZyB3aWR0aD0iMSIgaGVpZ2h0PSIxIiB4bWxucz0iaHR0cDovL3d3dy53My5vcmcvMjAwMC9zdmciPjwvc3ZnPg==\" class=\"lazyload\" style=\"--smush-placeholder-width: 1024px; --smush-placeholder-aspect-ratio: 1024\/498;\" \/><\/a><\/figure><\/div><div class=\"tiled-gallery__col\" style=\"flex-basis:30.84254%\"><figure class=\"tiled-gallery__item\"><a href=\"https:\/\/i2.wp.com\/wilhelmsdorf-evangelisch.de\/wp-content\/uploads\/2021\/10\/20211003_114858-1024x498.jpg?ssl=1\"><img decoding=\"async\" data-attachment-id=\"4546\" data-permalink=\"https:\/\/wilhelmsdorf-evangelisch.de\/?attachment_id=4546\" data-orig-file=\"https:\/\/i0.wp.com\/wilhelmsdorf-evangelisch.de\/wp-content\/uploads\/2021\/10\/20211003_114858-scaled.jpg?fit=2048%2C996&amp;ssl=1\" data-orig-size=\"2048,996\" data-comments-opened=\"0\" data-image-meta=\"{&quot;aperture&quot;:&quot;0&quot;,&quot;credit&quot;:&quot;&quot;,&quot;camera&quot;:&quot;&quot;,&quot;caption&quot;:&quot;&quot;,&quot;created_timestamp&quot;:&quot;0&quot;,&quot;copyright&quot;:&quot;&quot;,&quot;focal_length&quot;:&quot;0&quot;,&quot;iso&quot;:&quot;0&quot;,&quot;shutter_speed&quot;:&quot;0&quot;,&quot;title&quot;:&quot;&quot;,&quot;orientation&quot;:&quot;0&quot;}\" data-image-title=\"20211003_114858\" data-image-description=\"\" data-image-caption=\"&lt;p&gt;Erntedank-Windrad in der Familienkirche&lt;\/p&gt;\n\" data-large-file=\"https:\/\/i0.wp.com\/wilhelmsdorf-evangelisch.de\/wp-content\/uploads\/2021\/10\/20211003_114858-scaled.jpg?fit=735%2C357&amp;ssl=1\" data-attachment-id=\"4546\" data-permalink=\"https:\/\/wilhelmsdorf-evangelisch.de\/?attachment_id=4546\" data-orig-file=\"https:\/\/i0.wp.com\/wilhelmsdorf-evangelisch.de\/wp-content\/uploads\/2021\/10\/20211003_114858-scaled.jpg?fit=2048%2C996&amp;ssl=1\" data-orig-size=\"2048,996\" data-comments-opened=\"0\" data-image-meta=\"{&quot;aperture&quot;:&quot;0&quot;,&quot;credit&quot;:&quot;&quot;,&quot;camera&quot;:&quot;&quot;,&quot;caption&quot;:&quot;&quot;,&quot;created_timestamp&quot;:&quot;0&quot;,&quot;copyright&quot;:&quot;&quot;,&quot;focal_length&quot;:&quot;0&quot;,&quot;iso&quot;:&quot;0&quot;,&quot;shutter_speed&quot;:&quot;0&quot;,&quot;title&quot;:&quot;&quot;,&quot;orientation&quot;:&quot;0&quot;}\" data-image-title=\"20211003_114858\" data-image-description=\"\" data-image-caption=\"&lt;p&gt;Erntedank-Windrad in der Familienkirche&lt;\/p&gt;\n\" data-large-file=\"https:\/\/i0.wp.com\/wilhelmsdorf-evangelisch.de\/wp-content\/uploads\/2021\/10\/20211003_114858-scaled.jpg?fit=735%2C357&amp;ssl=1\" role=\"button\" tabindex=\"0\" aria-label=\"Bild\u00a07 von 7 im Vollbildmodus \u00f6ffnen\"data-srcset=\"https:\/\/i2.wp.com\/wilhelmsdorf-evangelisch.de\/wp-content\/uploads\/2021\/10\/20211003_114858-1024x498.jpg?strip=info&#038;w=600&#038;ssl=1 600w,https:\/\/i2.wp.com\/wilhelmsdorf-evangelisch.de\/wp-content\/uploads\/2021\/10\/20211003_114858-1024x498.jpg?strip=info&#038;w=900&#038;ssl=1 900w,https:\/\/i2.wp.com\/wilhelmsdorf-evangelisch.de\/wp-content\/uploads\/2021\/10\/20211003_114858-1024x498.jpg?strip=info&#038;w=1200&#038;ssl=1 1200w,https:\/\/i2.wp.com\/wilhelmsdorf-evangelisch.de\/wp-content\/uploads\/2021\/10\/20211003_114858-1024x498.jpg?strip=info&#038;w=1500&#038;ssl=1 1500w,https:\/\/i2.wp.com\/wilhelmsdorf-evangelisch.de\/wp-content\/uploads\/2021\/10\/20211003_114858-1024x498.jpg?strip=info&#038;w=1800&#038;ssl=1 1800w,https:\/\/i2.wp.com\/wilhelmsdorf-evangelisch.de\/wp-content\/uploads\/2021\/10\/20211003_114858-1024x498.jpg?strip=info&#038;w=2000&#038;ssl=1 2000w\" alt=\"Erntedank-Windrad in der Familienkirche\" data-height=\"996\" data-id=\"4546\" data-link=\"https:\/\/wilhelmsdorf-evangelisch.de\/?attachment_id=4546\" data-url=\"https:\/\/wilhelmsdorf-evangelisch.de\/wp-content\/uploads\/2021\/10\/20211003_114858-1024x498.jpg\" data-width=\"2048\" data-src=\"https:\/\/i2.wp.com\/wilhelmsdorf-evangelisch.de\/wp-content\/uploads\/2021\/10\/20211003_114858-1024x498.jpg?ssl=1\" data-amp-layout=\"responsive\" src=\"data:image\/svg+xml;base64,PHN2ZyB3aWR0aD0iMSIgaGVpZ2h0PSIxIiB4bWxucz0iaHR0cDovL3d3dy53My5vcmcvMjAwMC9zdmciPjwvc3ZnPg==\" class=\"lazyload\" style=\"--smush-placeholder-width: 1024px; --smush-placeholder-aspect-ratio: 1024\/498;\" \/><\/a><\/figure><\/div><\/div><\/div><\/div>\n\n\n\n<p><br><\/p>\n","protected":false},"excerpt":{"rendered":"<p>Am 3 .Oktober 2021 haben wir in unseren Gemeinden Erntedankfest gefeiert. Hier finden sie Bilder von dem, was alles am Wochenende los war.<\/p>\n","protected":false},"author":1,"featured_media":4542,"comment_status":"closed","ping_status":"open","sticky":false,"template":"","format":"standard","meta":{"_jetpack_newsletter_access":"","_jetpack_dont_email_post_to_subs":false,"_jetpack_newsletter_tier_id":0,"_jetpack_memberships_contains_paywalled_content":false,"_jetpack_memberships_contains_paid_content":false,"footnotes":""},"categories":[8],"tags":[],"class_list":["post-4538","post","type-post","status-publish","format-standard","has-post-thumbnail","hentry","category-berichte"],"jetpack_featured_media_url":"https:\/\/i0.wp.com\/wilhelmsdorf-evangelisch.de\/wp-content\/uploads\/2021\/10\/20211004_103217-1-scaled.jpg?fit=2048%2C996&ssl=1","jetpack_sharing_enabled":true,"jetpack_shortlink":"https:\/\/wp.me\/p8teGU-1bc","_links":{"self":[{"href":"https:\/\/wilhelmsdorf-evangelisch.de\/index.php?rest_route=\/wp\/v2\/posts\/4538","targetHints":{"allow":["GET"]}}],"collection":[{"href":"https:\/\/wilhelmsdorf-evangelisch.de\/index.php?rest_route=\/wp\/v2\/posts"}],"about":[{"href":"https:\/\/wilhelmsdorf-evangelisch.de\/index.php?rest_route=\/wp\/v2\/types\/post"}],"author":[{"embeddable":true,"href":"https:\/\/wilhelmsdorf-evangelisch.de\/index.php?rest_route=\/wp\/v2\/users\/1"}],"replies":[{"embeddable":true,"href":"https:\/\/wilhelmsdorf-evangelisch.de\/index.php?rest_route=%2Fwp%2Fv2%2Fcomments&post=4538"}],"version-history":[{"count":3,"href":"https:\/\/wilhelmsdorf-evangelisch.de\/index.php?rest_route=\/wp\/v2\/posts\/4538\/revisions"}],"predecessor-version":[{"id":4549,"href":"https:\/\/wilhelmsdorf-evangelisch.de\/index.php?rest_route=\/wp\/v2\/posts\/4538\/revisions\/4549"}],"wp:featuredmedia":[{"embeddable":true,"href":"https:\/\/wilhelmsdorf-evangelisch.de\/index.php?rest_route=\/wp\/v2\/media\/4542"}],"wp:attachment":[{"href":"https:\/\/wilhelmsdorf-evangelisch.de\/index.php?rest_route=%2Fwp%2Fv2%2Fmedia&parent=4538"}],"wp:term":[{"taxonomy":"category","embeddable":true,"href":"https:\/\/wilhelmsdorf-evangelisch.de\/index.php?rest_route=%2Fwp%2Fv2%2Fcategories&post=4538"},{"taxonomy":"post_tag","embeddable":true,"href":"https:\/\/wilhelmsdorf-evangelisch.de\/index.php?rest_route=%2Fwp%2Fv2%2Ftags&post=4538"}],"curies":[{"name":"wp","href":"https:\/\/api.w.org\/{rel}","templated":true}]}}