{"id":4054,"date":"2021-03-13T16:06:14","date_gmt":"2021-03-13T15:06:14","guid":{"rendered":"http:\/\/www.wilhelmsdorf-evangelisch.de\/?p=4054"},"modified":"2021-04-05T12:43:57","modified_gmt":"2021-04-05T10:43:57","slug":"livestream-gottesdienst-am-14-maerz-um-10-uhr","status":"publish","type":"post","link":"https:\/\/wilhelmsdorf-evangelisch.de\/?p=4054","title":{"rendered":"Aufzeichnung: Gottesdienst am 14. M\u00e4rz um 10 Uhr"},"content":{"rendered":"\n<p>Im Gottesdienst am 14. M\u00e4rz geht es um das Lied &#8222;Jesu meine Freude&#8220;. Den Text hat der Rechtsanwalt und B\u00fcrgermeister Johann Franck am Ende des Drei\u00dfigj\u00e4hrigen Krieges geschrieben.Pfarrer Seidel schaut in der Predigt Vers f\u00fcr Vers auf die wichtigsten Gedanken dieses Lieds. <a href=\"https:\/\/wilhelmsdorf-evangelisch.de\/wp-content\/uploads\/2021\/03\/PDF-Gottesdienst-14Maerz2021.pdf\" target=\"_blank\" rel=\"noreferrer noopener\">Hier k\u00f6nnen Sie die Texte herunterladen<\/a>.<\/p>\n\n\n\n<p>Diesmal haben wir den Gottesdienst parallel mit einer zweiten Kamera aufgenommen. Darum hat dieses Video einen besseren Ton als der Livestream am Sonntagvormittag.<\/p>\n\n\n\n<figure class=\"wp-block-embed is-type-video is-provider-youtube wp-block-embed-youtube wp-embed-aspect-16-9 wp-has-aspect-ratio\"><div class=\"wp-block-embed__wrapper\">\n<div  id=\"_ytid_43481\" class=\"__youtube_prefs__  __youtube_prefs_gdpr__  epyt-is-override \" allowfullscreen data-no-lazy=\"1\" data-skipgform_ajax_framebjll=\"\"><p><strong>Um Youtube-Videos anzusehen ist es erforderlich, entsprechende Cookies zu akzeptieren.<br \/>\n<\/strong>\u00a0By accepting you will be accessing content from YouTube, a service provided by an external third party.<\/p>\n<p><a href=\"https:\/\/policies.google.com\/privacy\" target=\"_blank\" rel=\"noopener\">YouTube privacy policy<\/a><\/p>\n<p>Wenn Sie zustimmen, wird ihre Zustimmung gespeichert, und die seite mit dem Video geladen.<\/p>\n<button type=\"button\" class=\"__youtube_prefs_gdpr__\">Accept YouTube Content\/ Akzeptieren<img data-recalc-dims=\"1\" decoding=\"async\" src=\"https:\/\/i0.wp.com\/wilhelmsdorf-evangelisch.de\/wp-content\/plugins\/youtube-embed-plus\/images\/icon-check.png?w=735&#038;ssl=1\" alt=\"accept\" data-no-lazy=\"1\" data-skipgform_ajax_framebjll=\"\" \/><\/button><\/div>\n<\/div><\/figure>\n","protected":false},"excerpt":{"rendered":"<p>Im Gottesdienst am 14. M\u00e4rz geht es um das Lied &#8222;Jesu meine Freude&#8220;. Den Text hat der Rechtsanwalt und B\u00fcrgermeister Johann Franck am Ende des Drei\u00dfigj\u00e4hrigen Krieges geschrieben.Pfarrer Seidel schaut in der Predigt Vers f\u00fcr Vers auf die wichtigsten Gedanken dieses Lieds.<\/p>\n","protected":false},"author":1,"featured_media":4056,"comment_status":"closed","ping_status":"open","sticky":false,"template":"","format":"video","meta":{"_jetpack_newsletter_access":"","_jetpack_dont_email_post_to_subs":false,"_jetpack_newsletter_tier_id":0,"_jetpack_memberships_contains_paywalled_content":false,"_jetpack_memberships_contains_paid_content":false,"footnotes":""},"categories":[28],"tags":[],"class_list":["post-4054","post","type-post","status-publish","format-video","has-post-thumbnail","hentry","category-video-gottesdienste","post_format-post-format-video"],"jetpack_featured_media_url":"https:\/\/i0.wp.com\/wilhelmsdorf-evangelisch.de\/wp-content\/uploads\/2021\/03\/Youtube-Promo.jpg?fit=1920%2C1080&ssl=1","jetpack_sharing_enabled":true,"jetpack_shortlink":"https:\/\/wp.me\/p8teGU-13o","_links":{"self":[{"href":"https:\/\/wilhelmsdorf-evangelisch.de\/index.php?rest_route=\/wp\/v2\/posts\/4054","targetHints":{"allow":["GET"]}}],"collection":[{"href":"https:\/\/wilhelmsdorf-evangelisch.de\/index.php?rest_route=\/wp\/v2\/posts"}],"about":[{"href":"https:\/\/wilhelmsdorf-evangelisch.de\/index.php?rest_route=\/wp\/v2\/types\/post"}],"author":[{"embeddable":true,"href":"https:\/\/wilhelmsdorf-evangelisch.de\/index.php?rest_route=\/wp\/v2\/users\/1"}],"replies":[{"embeddable":true,"href":"https:\/\/wilhelmsdorf-evangelisch.de\/index.php?rest_route=%2Fwp%2Fv2%2Fcomments&post=4054"}],"version-history":[{"count":5,"href":"https:\/\/wilhelmsdorf-evangelisch.de\/index.php?rest_route=\/wp\/v2\/posts\/4054\/revisions"}],"predecessor-version":[{"id":4157,"href":"https:\/\/wilhelmsdorf-evangelisch.de\/index.php?rest_route=\/wp\/v2\/posts\/4054\/revisions\/4157"}],"wp:featuredmedia":[{"embeddable":true,"href":"https:\/\/wilhelmsdorf-evangelisch.de\/index.php?rest_route=\/wp\/v2\/media\/4056"}],"wp:attachment":[{"href":"https:\/\/wilhelmsdorf-evangelisch.de\/index.php?rest_route=%2Fwp%2Fv2%2Fmedia&parent=4054"}],"wp:term":[{"taxonomy":"category","embeddable":true,"href":"https:\/\/wilhelmsdorf-evangelisch.de\/index.php?rest_route=%2Fwp%2Fv2%2Fcategories&post=4054"},{"taxonomy":"post_tag","embeddable":true,"href":"https:\/\/wilhelmsdorf-evangelisch.de\/index.php?rest_route=%2Fwp%2Fv2%2Ftags&post=4054"}],"curies":[{"name":"wp","href":"https:\/\/api.w.org\/{rel}","templated":true}]}}