{"id":3561,"date":"2020-11-15T13:46:36","date_gmt":"2020-11-15T12:46:36","guid":{"rendered":"http:\/\/www.wilhelmsdorf-evangelisch.de\/?p=3561"},"modified":"2021-01-15T17:36:02","modified_gmt":"2021-01-15T16:36:02","slug":"lebendiger-adventskalender-coronakonform-machen-sie-mit","status":"publish","type":"post","link":"https:\/\/wilhelmsdorf-evangelisch.de\/?p=3561","title":{"rendered":"Lebendiger Adventskalender &#8222;coronakonform&#8220;"},"content":{"rendered":"\n<p>Aufgrund der derzeitigen Pandemiestufe ist es leider nicht m\u00f6glich, den lebendigen Adventskalender im bisher gewohnten Umfang stattfinden zu lassen. Verzichten m\u00f6chten wir dennoch nicht und freuen uns, den Adventskalender in einer etwas &#8222;anderen&#8220; Version anbieten zu k\u00f6nnen.<br>Da wir uns aufgrund der aktuell geltenden Vorschriften nicht alle gemeinsam am Fenster treffen k\u00f6nnen, haben Sie die M\u00f6glichkeit die geschm\u00fcckten Fenster selbstst\u00e4ndig und wann es Ihnen zeitlich passt, zu besuchen. Einige Familien haben sich bereits bereiterkl\u00e4rt ein Fenster f\u00fcr uns zu \u00f6ffnen und wir w\u00fcrden uns freuen, wenn noch weitere dazukommen. Sollten wir ihr Interesse geweckt haben k\u00f6nnen Sie sich gerne bei Familie Raab, Tel. 2083 melden.<\/p>\n\n\n\n<p>An folgenden Tagen wird ein Fenster ge\u00f6ffnet:<\/p>\n\n\n\n<p class=\"has-black-color has-luminous-vivid-amber-background-color has-text-color has-background\">Dienstag, 01.12.2020 &nbsp;&nbsp;&nbsp;&nbsp;&nbsp;&nbsp;&nbsp;&nbsp;&nbsp;&nbsp;&nbsp;&nbsp;&nbsp;&nbsp;&nbsp;&nbsp;&nbsp;&nbsp;&nbsp; Familie Raab, Gostenhof 1<br>Mittwoch, 2.12.2020&nbsp;&nbsp;&nbsp;&nbsp;&nbsp;&nbsp;&nbsp;&nbsp;&nbsp;&nbsp;&nbsp;&nbsp;&nbsp;&nbsp;&nbsp;&nbsp;&nbsp;&nbsp;&nbsp;&nbsp;&nbsp; Familie Juranek, Brunner Hauptstra\u00dfe 11<br>Donnerstag, 03.12.2020 &nbsp;&nbsp;&nbsp;&nbsp;&nbsp;&nbsp;&nbsp;&nbsp;&nbsp;&nbsp;&nbsp;&nbsp;&nbsp; Familie Humann, Brunner Hauptstra\u00dfe 30<br>Freitag, 04.12.2020                        Familie Go\u00dfler, Gostenhof<br>Samstag, 5.12.2020                        Gemeindesaal, Kirchstra\u00dfe<br>Sonntag, 06.12.2020 &nbsp;&nbsp;&nbsp;&nbsp;&nbsp;&nbsp;&nbsp;&nbsp;&nbsp;&nbsp;&nbsp;&nbsp;&nbsp;&nbsp;&nbsp;&nbsp;&nbsp;&nbsp;&nbsp;&nbsp; Familie Spengler, Kirchstra\u00dfe 6<br>Mittwoch, 09.12.2020 &nbsp;&nbsp;&nbsp;&nbsp;&nbsp;&nbsp;&nbsp;&nbsp;&nbsp;&nbsp;&nbsp;&nbsp;&nbsp;&nbsp;&nbsp;&nbsp;&nbsp; Familie Zieglmeier-Sch\u00f6nleben, Am Wagnersberg 10<br>Donnerstag, 10.12.2020              Familie Sielka\/Barth, Gostenhof 18<br>Samstag, 12.12.2020 &nbsp;&nbsp;&nbsp;&nbsp;&nbsp;&nbsp;&nbsp;&nbsp;&nbsp;&nbsp;&nbsp;&nbsp;&nbsp;&nbsp;&nbsp;&nbsp;&nbsp;&nbsp;&nbsp; Familie Sielka\/Barth, Gostenhof 18<br>Mittwoch, 16.12.2020                  Sabine Sielka, Gostenhof<br>Freitag, 18.12.2020                       Kindergarten Am Schloss<br>Samstag 19. 12.2020                    Familie Vogel Kirchstra\u00dfe 23<br>Montag 21.12.2020                       Familie Braun-Micka, Am G\u00e4nswasen<br><\/p>\n\n\n\n<p><br>Weitere Termine und evtl. \u00c4nderungen entnehmen Sie bitte dem Wochenblatt und unserer Homepage. Das Adventskalender-Team w\u00fcnscht allen eine besinnliche Adventszeit!<\/p>\n\n\n\n<p>Hier einige Fotos der bereits ge\u00f6ffneten Fenster<\/p>\n\n\n\n<div class=\"wp-block-jetpack-tiled-gallery aligncenter is-style-rectangular\"><div class=\"tiled-gallery__gallery\"><div class=\"tiled-gallery__row\"><div class=\"tiled-gallery__col\" style=\"flex-basis:29.88817988876814%\"><figure class=\"tiled-gallery__item\"><img decoding=\"async\" data-attachment-id=\"3614\" data-permalink=\"https:\/\/wilhelmsdorf-evangelisch.de\/?attachment_id=3614\" data-orig-file=\"https:\/\/i0.wp.com\/wilhelmsdorf-evangelisch.de\/wp-content\/uploads\/2020\/12\/BrunnAdvent2020_1-e1606936080108.jpeg?fit=1012%2C1472&amp;ssl=1\" data-orig-size=\"1012,1472\" data-comments-opened=\"0\" data-image-meta=\"{&quot;aperture&quot;:&quot;0&quot;,&quot;credit&quot;:&quot;&quot;,&quot;camera&quot;:&quot;&quot;,&quot;caption&quot;:&quot;&quot;,&quot;created_timestamp&quot;:&quot;0&quot;,&quot;copyright&quot;:&quot;&quot;,&quot;focal_length&quot;:&quot;0&quot;,&quot;iso&quot;:&quot;0&quot;,&quot;shutter_speed&quot;:&quot;0&quot;,&quot;title&quot;:&quot;&quot;,&quot;orientation&quot;:&quot;0&quot;}\" data-image-title=\"BrunnAdvent2020_1\" data-image-description=\"\" data-image-caption=\"\" data-large-file=\"https:\/\/i0.wp.com\/wilhelmsdorf-evangelisch.de\/wp-content\/uploads\/2020\/12\/BrunnAdvent2020_1-e1606936080108.jpeg?fit=704%2C1024&amp;ssl=1\" data-attachment-id=\"3614\" data-permalink=\"https:\/\/wilhelmsdorf-evangelisch.de\/?attachment_id=3614\" data-orig-file=\"https:\/\/i0.wp.com\/wilhelmsdorf-evangelisch.de\/wp-content\/uploads\/2020\/12\/BrunnAdvent2020_1-e1606936080108.jpeg?fit=1012%2C1472&amp;ssl=1\" data-orig-size=\"1012,1472\" data-comments-opened=\"0\" data-image-meta=\"{&quot;aperture&quot;:&quot;0&quot;,&quot;credit&quot;:&quot;&quot;,&quot;camera&quot;:&quot;&quot;,&quot;caption&quot;:&quot;&quot;,&quot;created_timestamp&quot;:&quot;0&quot;,&quot;copyright&quot;:&quot;&quot;,&quot;focal_length&quot;:&quot;0&quot;,&quot;iso&quot;:&quot;0&quot;,&quot;shutter_speed&quot;:&quot;0&quot;,&quot;title&quot;:&quot;&quot;,&quot;orientation&quot;:&quot;0&quot;}\" data-image-title=\"BrunnAdvent2020_1\" data-image-description=\"\" data-image-caption=\"\" data-large-file=\"https:\/\/i0.wp.com\/wilhelmsdorf-evangelisch.de\/wp-content\/uploads\/2020\/12\/BrunnAdvent2020_1-e1606936080108.jpeg?fit=704%2C1024&amp;ssl=1\" role=\"button\" tabindex=\"0\" aria-label=\"Bild\u00a01 von 15 im Vollbildmodus \u00f6ffnen\"data-srcset=\"https:\/\/i0.wp.com\/www.wilhelmsdorf-evangelisch.de\/wp-content\/uploads\/2020\/12\/BrunnAdvent2020_1-e1606936080108.jpeg?strip=info&#038;w=600 600w,https:\/\/i0.wp.com\/www.wilhelmsdorf-evangelisch.de\/wp-content\/uploads\/2020\/12\/BrunnAdvent2020_1-e1606936080108.jpeg?strip=info&#038;w=900 900w,https:\/\/i0.wp.com\/www.wilhelmsdorf-evangelisch.de\/wp-content\/uploads\/2020\/12\/BrunnAdvent2020_1-e1606936080108.jpeg?strip=info&#038;w=1012 1012w\" alt=\"\" data-height=\"1472\" data-id=\"3614\" data-link=\"https:\/\/wilhelmsdorf-evangelisch.de\/?attachment_id=3614\" data-url=\"https:\/\/wilhelmsdorf-evangelisch.de\/wp-content\/uploads\/2020\/12\/BrunnAdvent2020_1-e1606936080108.jpeg\" data-width=\"1012\" data-src=\"https:\/\/i0.wp.com\/www.wilhelmsdorf-evangelisch.de\/wp-content\/uploads\/2020\/12\/BrunnAdvent2020_1-e1606936080108.jpeg\" layout=\"responsive\" src=\"data:image\/svg+xml;base64,PHN2ZyB3aWR0aD0iMSIgaGVpZ2h0PSIxIiB4bWxucz0iaHR0cDovL3d3dy53My5vcmcvMjAwMC9zdmciPjwvc3ZnPg==\" class=\"lazyload\" \/><\/figure><\/div><div class=\"tiled-gallery__col\" style=\"flex-basis:29.99086203831426%\"><figure class=\"tiled-gallery__item\"><img decoding=\"async\" data-attachment-id=\"3615\" data-permalink=\"https:\/\/wilhelmsdorf-evangelisch.de\/?attachment_id=3615\" data-orig-file=\"https:\/\/i0.wp.com\/wilhelmsdorf-evangelisch.de\/wp-content\/uploads\/2020\/12\/BrunnAdvent2020_2-e1606936047418.jpeg?fit=1196%2C808&amp;ssl=1\" data-orig-size=\"1196,808\" data-comments-opened=\"0\" data-image-meta=\"{&quot;aperture&quot;:&quot;0&quot;,&quot;credit&quot;:&quot;&quot;,&quot;camera&quot;:&quot;&quot;,&quot;caption&quot;:&quot;&quot;,&quot;created_timestamp&quot;:&quot;0&quot;,&quot;copyright&quot;:&quot;&quot;,&quot;focal_length&quot;:&quot;0&quot;,&quot;iso&quot;:&quot;0&quot;,&quot;shutter_speed&quot;:&quot;0&quot;,&quot;title&quot;:&quot;&quot;,&quot;orientation&quot;:&quot;0&quot;}\" data-image-title=\"BrunnAdvent2020_2\" data-image-description=\"\" data-image-caption=\"\" data-large-file=\"https:\/\/i0.wp.com\/wilhelmsdorf-evangelisch.de\/wp-content\/uploads\/2020\/12\/BrunnAdvent2020_2-e1606936047418.jpeg?fit=735%2C497&amp;ssl=1\" data-attachment-id=\"3615\" data-permalink=\"https:\/\/wilhelmsdorf-evangelisch.de\/?attachment_id=3615\" data-orig-file=\"https:\/\/i0.wp.com\/wilhelmsdorf-evangelisch.de\/wp-content\/uploads\/2020\/12\/BrunnAdvent2020_2-e1606936047418.jpeg?fit=1196%2C808&amp;ssl=1\" data-orig-size=\"1196,808\" data-comments-opened=\"0\" data-image-meta=\"{&quot;aperture&quot;:&quot;0&quot;,&quot;credit&quot;:&quot;&quot;,&quot;camera&quot;:&quot;&quot;,&quot;caption&quot;:&quot;&quot;,&quot;created_timestamp&quot;:&quot;0&quot;,&quot;copyright&quot;:&quot;&quot;,&quot;focal_length&quot;:&quot;0&quot;,&quot;iso&quot;:&quot;0&quot;,&quot;shutter_speed&quot;:&quot;0&quot;,&quot;title&quot;:&quot;&quot;,&quot;orientation&quot;:&quot;0&quot;}\" data-image-title=\"BrunnAdvent2020_2\" data-image-description=\"\" data-image-caption=\"\" data-large-file=\"https:\/\/i0.wp.com\/wilhelmsdorf-evangelisch.de\/wp-content\/uploads\/2020\/12\/BrunnAdvent2020_2-e1606936047418.jpeg?fit=735%2C497&amp;ssl=1\" role=\"button\" tabindex=\"0\" aria-label=\"Bild\u00a02 von 15 im Vollbildmodus \u00f6ffnen\"data-srcset=\"https:\/\/i0.wp.com\/www.wilhelmsdorf-evangelisch.de\/wp-content\/uploads\/2020\/12\/BrunnAdvent2020_2-e1606936047418.jpeg?strip=info&#038;w=600 600w,https:\/\/i0.wp.com\/www.wilhelmsdorf-evangelisch.de\/wp-content\/uploads\/2020\/12\/BrunnAdvent2020_2-e1606936047418.jpeg?strip=info&#038;w=900 900w,https:\/\/i0.wp.com\/www.wilhelmsdorf-evangelisch.de\/wp-content\/uploads\/2020\/12\/BrunnAdvent2020_2-e1606936047418.jpeg?strip=info&#038;w=1196 1196w\" alt=\"\" data-height=\"808\" data-id=\"3615\" data-link=\"https:\/\/wilhelmsdorf-evangelisch.de\/?attachment_id=3615\" data-url=\"https:\/\/wilhelmsdorf-evangelisch.de\/wp-content\/uploads\/2020\/12\/BrunnAdvent2020_2-e1606936047418.jpeg\" data-width=\"1196\" data-src=\"https:\/\/i0.wp.com\/www.wilhelmsdorf-evangelisch.de\/wp-content\/uploads\/2020\/12\/BrunnAdvent2020_2-e1606936047418.jpeg\" layout=\"responsive\" src=\"data:image\/svg+xml;base64,PHN2ZyB3aWR0aD0iMSIgaGVpZ2h0PSIxIiB4bWxucz0iaHR0cDovL3d3dy53My5vcmcvMjAwMC9zdmciPjwvc3ZnPg==\" class=\"lazyload\" \/><\/figure><figure class=\"tiled-gallery__item\"><img decoding=\"async\" data-attachment-id=\"3621\" data-permalink=\"https:\/\/wilhelmsdorf-evangelisch.de\/?attachment_id=3621\" data-orig-file=\"https:\/\/i0.wp.com\/wilhelmsdorf-evangelisch.de\/wp-content\/uploads\/2020\/11\/WhatsApp-Image-2020-12-03-at-17.59.58.jpeg?fit=1600%2C1200&amp;ssl=1\" data-orig-size=\"1600,1200\" data-comments-opened=\"0\" data-image-meta=\"{&quot;aperture&quot;:&quot;0&quot;,&quot;credit&quot;:&quot;&quot;,&quot;camera&quot;:&quot;&quot;,&quot;caption&quot;:&quot;&quot;,&quot;created_timestamp&quot;:&quot;0&quot;,&quot;copyright&quot;:&quot;&quot;,&quot;focal_length&quot;:&quot;0&quot;,&quot;iso&quot;:&quot;0&quot;,&quot;shutter_speed&quot;:&quot;0&quot;,&quot;title&quot;:&quot;&quot;,&quot;orientation&quot;:&quot;0&quot;}\" data-image-title=\"BrunnAdvent2020_3\" data-image-description=\"\" data-image-caption=\"\" data-large-file=\"https:\/\/i0.wp.com\/wilhelmsdorf-evangelisch.de\/wp-content\/uploads\/2020\/11\/WhatsApp-Image-2020-12-03-at-17.59.58.jpeg?fit=735%2C551&amp;ssl=1\" data-attachment-id=\"3621\" data-permalink=\"https:\/\/wilhelmsdorf-evangelisch.de\/?attachment_id=3621\" data-orig-file=\"https:\/\/i0.wp.com\/wilhelmsdorf-evangelisch.de\/wp-content\/uploads\/2020\/11\/WhatsApp-Image-2020-12-03-at-17.59.58.jpeg?fit=1600%2C1200&amp;ssl=1\" data-orig-size=\"1600,1200\" data-comments-opened=\"0\" data-image-meta=\"{&quot;aperture&quot;:&quot;0&quot;,&quot;credit&quot;:&quot;&quot;,&quot;camera&quot;:&quot;&quot;,&quot;caption&quot;:&quot;&quot;,&quot;created_timestamp&quot;:&quot;0&quot;,&quot;copyright&quot;:&quot;&quot;,&quot;focal_length&quot;:&quot;0&quot;,&quot;iso&quot;:&quot;0&quot;,&quot;shutter_speed&quot;:&quot;0&quot;,&quot;title&quot;:&quot;&quot;,&quot;orientation&quot;:&quot;0&quot;}\" data-image-title=\"BrunnAdvent2020_3\" data-image-description=\"\" data-image-caption=\"\" data-large-file=\"https:\/\/i0.wp.com\/wilhelmsdorf-evangelisch.de\/wp-content\/uploads\/2020\/11\/WhatsApp-Image-2020-12-03-at-17.59.58.jpeg?fit=735%2C551&amp;ssl=1\" role=\"button\" tabindex=\"0\" aria-label=\"Bild\u00a03 von 15 im Vollbildmodus \u00f6ffnen\"data-srcset=\"https:\/\/i1.wp.com\/www.wilhelmsdorf-evangelisch.de\/wp-content\/uploads\/2020\/11\/WhatsApp-Image-2020-12-03-at-17.59.58.jpeg?strip=info&#038;w=600 600w,https:\/\/i1.wp.com\/www.wilhelmsdorf-evangelisch.de\/wp-content\/uploads\/2020\/11\/WhatsApp-Image-2020-12-03-at-17.59.58.jpeg?strip=info&#038;w=900 900w,https:\/\/i1.wp.com\/www.wilhelmsdorf-evangelisch.de\/wp-content\/uploads\/2020\/11\/WhatsApp-Image-2020-12-03-at-17.59.58.jpeg?strip=info&#038;w=1200 1200w,https:\/\/i1.wp.com\/www.wilhelmsdorf-evangelisch.de\/wp-content\/uploads\/2020\/11\/WhatsApp-Image-2020-12-03-at-17.59.58.jpeg?strip=info&#038;w=1500 1500w,https:\/\/i1.wp.com\/www.wilhelmsdorf-evangelisch.de\/wp-content\/uploads\/2020\/11\/WhatsApp-Image-2020-12-03-at-17.59.58.jpeg?strip=info&#038;w=1600 1600w\" alt=\"\" data-height=\"1200\" data-id=\"3621\" data-link=\"https:\/\/wilhelmsdorf-evangelisch.de\/?attachment_id=3621\" data-url=\"https:\/\/wilhelmsdorf-evangelisch.de\/wp-content\/uploads\/2020\/11\/WhatsApp-Image-2020-12-03-at-17.59.58.jpeg\" data-width=\"1600\" data-src=\"https:\/\/i1.wp.com\/www.wilhelmsdorf-evangelisch.de\/wp-content\/uploads\/2020\/11\/WhatsApp-Image-2020-12-03-at-17.59.58.jpeg\" layout=\"responsive\" src=\"data:image\/svg+xml;base64,PHN2ZyB3aWR0aD0iMSIgaGVpZ2h0PSIxIiB4bWxucz0iaHR0cDovL3d3dy53My5vcmcvMjAwMC9zdmciPjwvc3ZnPg==\" class=\"lazyload\" \/><\/figure><\/div><div class=\"tiled-gallery__col\" style=\"flex-basis:40.12095807291759%\"><figure class=\"tiled-gallery__item\"><img decoding=\"async\" data-attachment-id=\"3626\" data-permalink=\"https:\/\/wilhelmsdorf-evangelisch.de\/?attachment_id=3626\" data-orig-file=\"https:\/\/i0.wp.com\/wilhelmsdorf-evangelisch.de\/wp-content\/uploads\/2020\/12\/AdventBrunn2020_5-e1607203914883.jpeg?fit=896%2C968&amp;ssl=1\" data-orig-size=\"896,968\" data-comments-opened=\"0\" data-image-meta=\"{&quot;aperture&quot;:&quot;0&quot;,&quot;credit&quot;:&quot;&quot;,&quot;camera&quot;:&quot;&quot;,&quot;caption&quot;:&quot;&quot;,&quot;created_timestamp&quot;:&quot;0&quot;,&quot;copyright&quot;:&quot;&quot;,&quot;focal_length&quot;:&quot;0&quot;,&quot;iso&quot;:&quot;0&quot;,&quot;shutter_speed&quot;:&quot;0&quot;,&quot;title&quot;:&quot;&quot;,&quot;orientation&quot;:&quot;0&quot;}\" data-image-title=\"AdventBrunn2020_5\" data-image-description=\"\" data-image-caption=\"\" data-large-file=\"https:\/\/i0.wp.com\/wilhelmsdorf-evangelisch.de\/wp-content\/uploads\/2020\/12\/AdventBrunn2020_5-e1607203914883.jpeg?fit=735%2C794&amp;ssl=1\" data-attachment-id=\"3626\" data-permalink=\"https:\/\/wilhelmsdorf-evangelisch.de\/?attachment_id=3626\" data-orig-file=\"https:\/\/i0.wp.com\/wilhelmsdorf-evangelisch.de\/wp-content\/uploads\/2020\/12\/AdventBrunn2020_5-e1607203914883.jpeg?fit=896%2C968&amp;ssl=1\" data-orig-size=\"896,968\" data-comments-opened=\"0\" data-image-meta=\"{&quot;aperture&quot;:&quot;0&quot;,&quot;credit&quot;:&quot;&quot;,&quot;camera&quot;:&quot;&quot;,&quot;caption&quot;:&quot;&quot;,&quot;created_timestamp&quot;:&quot;0&quot;,&quot;copyright&quot;:&quot;&quot;,&quot;focal_length&quot;:&quot;0&quot;,&quot;iso&quot;:&quot;0&quot;,&quot;shutter_speed&quot;:&quot;0&quot;,&quot;title&quot;:&quot;&quot;,&quot;orientation&quot;:&quot;0&quot;}\" data-image-title=\"AdventBrunn2020_5\" data-image-description=\"\" data-image-caption=\"\" data-large-file=\"https:\/\/i0.wp.com\/wilhelmsdorf-evangelisch.de\/wp-content\/uploads\/2020\/12\/AdventBrunn2020_5-e1607203914883.jpeg?fit=735%2C794&amp;ssl=1\" role=\"button\" tabindex=\"0\" aria-label=\"Bild\u00a04 von 15 im Vollbildmodus \u00f6ffnen\"data-srcset=\"https:\/\/i1.wp.com\/www.wilhelmsdorf-evangelisch.de\/wp-content\/uploads\/2020\/12\/AdventBrunn2020_5-e1607203914883.jpeg?strip=info&#038;w=600 600w,https:\/\/i1.wp.com\/www.wilhelmsdorf-evangelisch.de\/wp-content\/uploads\/2020\/12\/AdventBrunn2020_5-e1607203914883.jpeg?strip=info&#038;w=896 896w\" alt=\"\" data-height=\"968\" data-id=\"3626\" data-link=\"https:\/\/wilhelmsdorf-evangelisch.de\/?attachment_id=3626\" data-url=\"https:\/\/wilhelmsdorf-evangelisch.de\/wp-content\/uploads\/2020\/12\/AdventBrunn2020_5-e1607203914883.jpeg\" data-width=\"896\" data-src=\"https:\/\/i1.wp.com\/www.wilhelmsdorf-evangelisch.de\/wp-content\/uploads\/2020\/12\/AdventBrunn2020_5-e1607203914883.jpeg\" layout=\"responsive\" src=\"data:image\/svg+xml;base64,PHN2ZyB3aWR0aD0iMSIgaGVpZ2h0PSIxIiB4bWxucz0iaHR0cDovL3d3dy53My5vcmcvMjAwMC9zdmciPjwvc3ZnPg==\" class=\"lazyload\" \/><\/figure><\/div><\/div><div class=\"tiled-gallery__row\"><div class=\"tiled-gallery__col\" style=\"flex-basis:25.488714241106052%\"><figure class=\"tiled-gallery__item\"><img decoding=\"async\" data-attachment-id=\"3627\" data-permalink=\"https:\/\/wilhelmsdorf-evangelisch.de\/?attachment_id=3627\" data-orig-file=\"https:\/\/i0.wp.com\/wilhelmsdorf-evangelisch.de\/wp-content\/uploads\/2020\/12\/AdventBrunn2020_4-e1607203948878.jpeg?fit=856%2C1112&amp;ssl=1\" data-orig-size=\"856,1112\" data-comments-opened=\"0\" data-image-meta=\"{&quot;aperture&quot;:&quot;0&quot;,&quot;credit&quot;:&quot;&quot;,&quot;camera&quot;:&quot;&quot;,&quot;caption&quot;:&quot;&quot;,&quot;created_timestamp&quot;:&quot;0&quot;,&quot;copyright&quot;:&quot;&quot;,&quot;focal_length&quot;:&quot;0&quot;,&quot;iso&quot;:&quot;0&quot;,&quot;shutter_speed&quot;:&quot;0&quot;,&quot;title&quot;:&quot;&quot;,&quot;orientation&quot;:&quot;0&quot;}\" data-image-title=\"AdventBrunn2020_4\" data-image-description=\"\" data-image-caption=\"\" data-large-file=\"https:\/\/i0.wp.com\/wilhelmsdorf-evangelisch.de\/wp-content\/uploads\/2020\/12\/AdventBrunn2020_4-e1607203948878.jpeg?fit=735%2C955&amp;ssl=1\" data-attachment-id=\"3627\" data-permalink=\"https:\/\/wilhelmsdorf-evangelisch.de\/?attachment_id=3627\" data-orig-file=\"https:\/\/i0.wp.com\/wilhelmsdorf-evangelisch.de\/wp-content\/uploads\/2020\/12\/AdventBrunn2020_4-e1607203948878.jpeg?fit=856%2C1112&amp;ssl=1\" data-orig-size=\"856,1112\" data-comments-opened=\"0\" data-image-meta=\"{&quot;aperture&quot;:&quot;0&quot;,&quot;credit&quot;:&quot;&quot;,&quot;camera&quot;:&quot;&quot;,&quot;caption&quot;:&quot;&quot;,&quot;created_timestamp&quot;:&quot;0&quot;,&quot;copyright&quot;:&quot;&quot;,&quot;focal_length&quot;:&quot;0&quot;,&quot;iso&quot;:&quot;0&quot;,&quot;shutter_speed&quot;:&quot;0&quot;,&quot;title&quot;:&quot;&quot;,&quot;orientation&quot;:&quot;0&quot;}\" data-image-title=\"AdventBrunn2020_4\" data-image-description=\"\" data-image-caption=\"\" data-large-file=\"https:\/\/i0.wp.com\/wilhelmsdorf-evangelisch.de\/wp-content\/uploads\/2020\/12\/AdventBrunn2020_4-e1607203948878.jpeg?fit=735%2C955&amp;ssl=1\" role=\"button\" tabindex=\"0\" aria-label=\"Bild\u00a05 von 15 im Vollbildmodus \u00f6ffnen\"data-srcset=\"https:\/\/i0.wp.com\/www.wilhelmsdorf-evangelisch.de\/wp-content\/uploads\/2020\/12\/AdventBrunn2020_4-e1607203948878.jpeg?strip=info&#038;w=600 600w,https:\/\/i0.wp.com\/www.wilhelmsdorf-evangelisch.de\/wp-content\/uploads\/2020\/12\/AdventBrunn2020_4-e1607203948878.jpeg?strip=info&#038;w=856 856w\" alt=\"\" data-height=\"1112\" data-id=\"3627\" data-link=\"https:\/\/wilhelmsdorf-evangelisch.de\/?attachment_id=3627\" data-url=\"https:\/\/wilhelmsdorf-evangelisch.de\/wp-content\/uploads\/2020\/12\/AdventBrunn2020_4-e1607203948878.jpeg\" data-width=\"856\" data-src=\"https:\/\/i0.wp.com\/www.wilhelmsdorf-evangelisch.de\/wp-content\/uploads\/2020\/12\/AdventBrunn2020_4-e1607203948878.jpeg\" layout=\"responsive\" src=\"data:image\/svg+xml;base64,PHN2ZyB3aWR0aD0iMSIgaGVpZ2h0PSIxIiB4bWxucz0iaHR0cDovL3d3dy53My5vcmcvMjAwMC9zdmciPjwvc3ZnPg==\" class=\"lazyload\" \/><\/figure><\/div><div class=\"tiled-gallery__col\" style=\"flex-basis:24.83709525296465%\"><figure class=\"tiled-gallery__item\"><img decoding=\"async\" data-attachment-id=\"3641\" data-permalink=\"https:\/\/wilhelmsdorf-evangelisch.de\/?attachment_id=3641\" data-orig-file=\"https:\/\/i0.wp.com\/wilhelmsdorf-evangelisch.de\/wp-content\/uploads\/2020\/12\/wp-16076756206517132602409237834543.jpg?fit=1200%2C1600&amp;ssl=1\" data-orig-size=\"1200,1600\" data-comments-opened=\"0\" data-image-meta=\"{&quot;aperture&quot;:&quot;0&quot;,&quot;credit&quot;:&quot;&quot;,&quot;camera&quot;:&quot;&quot;,&quot;caption&quot;:&quot;&quot;,&quot;created_timestamp&quot;:&quot;0&quot;,&quot;copyright&quot;:&quot;&quot;,&quot;focal_length&quot;:&quot;0&quot;,&quot;iso&quot;:&quot;0&quot;,&quot;shutter_speed&quot;:&quot;0&quot;,&quot;title&quot;:&quot;&quot;,&quot;orientation&quot;:&quot;0&quot;}\" data-image-title=\"wp-16076756206517132602409237834543.jpg\" data-image-description=\"\" data-image-caption=\"\" data-large-file=\"https:\/\/i0.wp.com\/wilhelmsdorf-evangelisch.de\/wp-content\/uploads\/2020\/12\/wp-16076756206517132602409237834543.jpg?fit=735%2C980&amp;ssl=1\" data-attachment-id=\"3641\" data-permalink=\"https:\/\/wilhelmsdorf-evangelisch.de\/?attachment_id=3641\" data-orig-file=\"https:\/\/i0.wp.com\/wilhelmsdorf-evangelisch.de\/wp-content\/uploads\/2020\/12\/wp-16076756206517132602409237834543.jpg?fit=1200%2C1600&amp;ssl=1\" data-orig-size=\"1200,1600\" data-comments-opened=\"0\" data-image-meta=\"{&quot;aperture&quot;:&quot;0&quot;,&quot;credit&quot;:&quot;&quot;,&quot;camera&quot;:&quot;&quot;,&quot;caption&quot;:&quot;&quot;,&quot;created_timestamp&quot;:&quot;0&quot;,&quot;copyright&quot;:&quot;&quot;,&quot;focal_length&quot;:&quot;0&quot;,&quot;iso&quot;:&quot;0&quot;,&quot;shutter_speed&quot;:&quot;0&quot;,&quot;title&quot;:&quot;&quot;,&quot;orientation&quot;:&quot;0&quot;}\" data-image-title=\"wp-16076756206517132602409237834543.jpg\" data-image-description=\"\" data-image-caption=\"\" data-large-file=\"https:\/\/i0.wp.com\/wilhelmsdorf-evangelisch.de\/wp-content\/uploads\/2020\/12\/wp-16076756206517132602409237834543.jpg?fit=735%2C980&amp;ssl=1\" role=\"button\" tabindex=\"0\" aria-label=\"Bild\u00a06 von 15 im Vollbildmodus \u00f6ffnen\"data-srcset=\"https:\/\/i0.wp.com\/www.wilhelmsdorf-evangelisch.de\/wp-content\/uploads\/2020\/12\/wp-16076756206517132602409237834543.jpg?strip=info&#038;w=600 600w,https:\/\/i0.wp.com\/www.wilhelmsdorf-evangelisch.de\/wp-content\/uploads\/2020\/12\/wp-16076756206517132602409237834543.jpg?strip=info&#038;w=900 900w,https:\/\/i0.wp.com\/www.wilhelmsdorf-evangelisch.de\/wp-content\/uploads\/2020\/12\/wp-16076756206517132602409237834543.jpg?strip=info&#038;w=1200 1200w\" alt=\"\" data-height=\"1600\" data-id=\"3641\" data-link=\"https:\/\/wilhelmsdorf-evangelisch.de\/?attachment_id=3641\" data-url=\"https:\/\/wilhelmsdorf-evangelisch.de\/wp-content\/uploads\/2020\/12\/wp-16076756206517132602409237834543.jpg\" data-width=\"1200\" data-src=\"https:\/\/i0.wp.com\/www.wilhelmsdorf-evangelisch.de\/wp-content\/uploads\/2020\/12\/wp-16076756206517132602409237834543.jpg\" layout=\"responsive\" src=\"data:image\/svg+xml;base64,PHN2ZyB3aWR0aD0iMSIgaGVpZ2h0PSIxIiB4bWxucz0iaHR0cDovL3d3dy53My5vcmcvMjAwMC9zdmciPjwvc3ZnPg==\" class=\"lazyload\" \/><\/figure><\/div><div class=\"tiled-gallery__col\" style=\"flex-basis:24.83709525296465%\"><figure class=\"tiled-gallery__item\"><img decoding=\"async\" data-attachment-id=\"3672\" data-permalink=\"https:\/\/wilhelmsdorf-evangelisch.de\/?attachment_id=3672\" data-orig-file=\"https:\/\/i0.wp.com\/wilhelmsdorf-evangelisch.de\/wp-content\/uploads\/2020\/12\/wp-16078635398882502842717268914597.jpg?fit=1200%2C1600&amp;ssl=1\" data-orig-size=\"1200,1600\" data-comments-opened=\"0\" data-image-meta=\"{&quot;aperture&quot;:&quot;0&quot;,&quot;credit&quot;:&quot;&quot;,&quot;camera&quot;:&quot;&quot;,&quot;caption&quot;:&quot;&quot;,&quot;created_timestamp&quot;:&quot;0&quot;,&quot;copyright&quot;:&quot;&quot;,&quot;focal_length&quot;:&quot;0&quot;,&quot;iso&quot;:&quot;0&quot;,&quot;shutter_speed&quot;:&quot;0&quot;,&quot;title&quot;:&quot;&quot;,&quot;orientation&quot;:&quot;0&quot;}\" data-image-title=\"wp-16078635398882502842717268914597.jpg\" data-image-description=\"\" data-image-caption=\"\" data-large-file=\"https:\/\/i0.wp.com\/wilhelmsdorf-evangelisch.de\/wp-content\/uploads\/2020\/12\/wp-16078635398882502842717268914597.jpg?fit=735%2C980&amp;ssl=1\" data-attachment-id=\"3672\" data-permalink=\"https:\/\/wilhelmsdorf-evangelisch.de\/?attachment_id=3672\" data-orig-file=\"https:\/\/i0.wp.com\/wilhelmsdorf-evangelisch.de\/wp-content\/uploads\/2020\/12\/wp-16078635398882502842717268914597.jpg?fit=1200%2C1600&amp;ssl=1\" data-orig-size=\"1200,1600\" data-comments-opened=\"0\" data-image-meta=\"{&quot;aperture&quot;:&quot;0&quot;,&quot;credit&quot;:&quot;&quot;,&quot;camera&quot;:&quot;&quot;,&quot;caption&quot;:&quot;&quot;,&quot;created_timestamp&quot;:&quot;0&quot;,&quot;copyright&quot;:&quot;&quot;,&quot;focal_length&quot;:&quot;0&quot;,&quot;iso&quot;:&quot;0&quot;,&quot;shutter_speed&quot;:&quot;0&quot;,&quot;title&quot;:&quot;&quot;,&quot;orientation&quot;:&quot;0&quot;}\" data-image-title=\"wp-16078635398882502842717268914597.jpg\" data-image-description=\"\" data-image-caption=\"\" data-large-file=\"https:\/\/i0.wp.com\/wilhelmsdorf-evangelisch.de\/wp-content\/uploads\/2020\/12\/wp-16078635398882502842717268914597.jpg?fit=735%2C980&amp;ssl=1\" role=\"button\" tabindex=\"0\" aria-label=\"Bild\u00a07 von 15 im Vollbildmodus \u00f6ffnen\"data-srcset=\"https:\/\/i2.wp.com\/www.wilhelmsdorf-evangelisch.de\/wp-content\/uploads\/2020\/12\/wp-16078635398882502842717268914597.jpg?strip=info&#038;w=600 600w,https:\/\/i2.wp.com\/www.wilhelmsdorf-evangelisch.de\/wp-content\/uploads\/2020\/12\/wp-16078635398882502842717268914597.jpg?strip=info&#038;w=900 900w,https:\/\/i2.wp.com\/www.wilhelmsdorf-evangelisch.de\/wp-content\/uploads\/2020\/12\/wp-16078635398882502842717268914597.jpg?strip=info&#038;w=1200 1200w\" alt=\"\" data-height=\"1600\" data-id=\"3672\" data-link=\"https:\/\/wilhelmsdorf-evangelisch.de\/?attachment_id=3672\" data-url=\"https:\/\/wilhelmsdorf-evangelisch.de\/wp-content\/uploads\/2020\/12\/wp-16078635398882502842717268914597.jpg\" data-width=\"1200\" data-src=\"https:\/\/i2.wp.com\/www.wilhelmsdorf-evangelisch.de\/wp-content\/uploads\/2020\/12\/wp-16078635398882502842717268914597.jpg\" layout=\"responsive\" src=\"data:image\/svg+xml;base64,PHN2ZyB3aWR0aD0iMSIgaGVpZ2h0PSIxIiB4bWxucz0iaHR0cDovL3d3dy53My5vcmcvMjAwMC9zdmciPjwvc3ZnPg==\" class=\"lazyload\" \/><\/figure><\/div><div class=\"tiled-gallery__col\" style=\"flex-basis:24.83709525296465%\"><figure class=\"tiled-gallery__item\"><img decoding=\"async\" data-attachment-id=\"3673\" data-permalink=\"https:\/\/wilhelmsdorf-evangelisch.de\/?attachment_id=3673\" data-orig-file=\"https:\/\/i0.wp.com\/wilhelmsdorf-evangelisch.de\/wp-content\/uploads\/2020\/12\/wp-16078635645602667839632487649774.jpg?fit=1200%2C1600&amp;ssl=1\" data-orig-size=\"1200,1600\" data-comments-opened=\"0\" data-image-meta=\"{&quot;aperture&quot;:&quot;0&quot;,&quot;credit&quot;:&quot;&quot;,&quot;camera&quot;:&quot;&quot;,&quot;caption&quot;:&quot;&quot;,&quot;created_timestamp&quot;:&quot;0&quot;,&quot;copyright&quot;:&quot;&quot;,&quot;focal_length&quot;:&quot;0&quot;,&quot;iso&quot;:&quot;0&quot;,&quot;shutter_speed&quot;:&quot;0&quot;,&quot;title&quot;:&quot;&quot;,&quot;orientation&quot;:&quot;0&quot;}\" data-image-title=\"wp-16078635645602667839632487649774.jpg\" data-image-description=\"\" data-image-caption=\"\" data-large-file=\"https:\/\/i0.wp.com\/wilhelmsdorf-evangelisch.de\/wp-content\/uploads\/2020\/12\/wp-16078635645602667839632487649774.jpg?fit=735%2C980&amp;ssl=1\" data-attachment-id=\"3673\" data-permalink=\"https:\/\/wilhelmsdorf-evangelisch.de\/?attachment_id=3673\" data-orig-file=\"https:\/\/i0.wp.com\/wilhelmsdorf-evangelisch.de\/wp-content\/uploads\/2020\/12\/wp-16078635645602667839632487649774.jpg?fit=1200%2C1600&amp;ssl=1\" data-orig-size=\"1200,1600\" data-comments-opened=\"0\" data-image-meta=\"{&quot;aperture&quot;:&quot;0&quot;,&quot;credit&quot;:&quot;&quot;,&quot;camera&quot;:&quot;&quot;,&quot;caption&quot;:&quot;&quot;,&quot;created_timestamp&quot;:&quot;0&quot;,&quot;copyright&quot;:&quot;&quot;,&quot;focal_length&quot;:&quot;0&quot;,&quot;iso&quot;:&quot;0&quot;,&quot;shutter_speed&quot;:&quot;0&quot;,&quot;title&quot;:&quot;&quot;,&quot;orientation&quot;:&quot;0&quot;}\" data-image-title=\"wp-16078635645602667839632487649774.jpg\" data-image-description=\"\" data-image-caption=\"\" data-large-file=\"https:\/\/i0.wp.com\/wilhelmsdorf-evangelisch.de\/wp-content\/uploads\/2020\/12\/wp-16078635645602667839632487649774.jpg?fit=735%2C980&amp;ssl=1\" role=\"button\" tabindex=\"0\" aria-label=\"Bild\u00a08 von 15 im Vollbildmodus \u00f6ffnen\"data-srcset=\"https:\/\/i1.wp.com\/www.wilhelmsdorf-evangelisch.de\/wp-content\/uploads\/2020\/12\/wp-16078635645602667839632487649774.jpg?strip=info&#038;w=600 600w,https:\/\/i1.wp.com\/www.wilhelmsdorf-evangelisch.de\/wp-content\/uploads\/2020\/12\/wp-16078635645602667839632487649774.jpg?strip=info&#038;w=900 900w,https:\/\/i1.wp.com\/www.wilhelmsdorf-evangelisch.de\/wp-content\/uploads\/2020\/12\/wp-16078635645602667839632487649774.jpg?strip=info&#038;w=1200 1200w\" alt=\"\" data-height=\"1600\" data-id=\"3673\" data-link=\"https:\/\/wilhelmsdorf-evangelisch.de\/?attachment_id=3673\" data-url=\"https:\/\/wilhelmsdorf-evangelisch.de\/wp-content\/uploads\/2020\/12\/wp-16078635645602667839632487649774.jpg\" data-width=\"1200\" data-src=\"https:\/\/i1.wp.com\/www.wilhelmsdorf-evangelisch.de\/wp-content\/uploads\/2020\/12\/wp-16078635645602667839632487649774.jpg\" layout=\"responsive\" src=\"data:image\/svg+xml;base64,PHN2ZyB3aWR0aD0iMSIgaGVpZ2h0PSIxIiB4bWxucz0iaHR0cDovL3d3dy53My5vcmcvMjAwMC9zdmciPjwvc3ZnPg==\" class=\"lazyload\" \/><\/figure><\/div><\/div><div class=\"tiled-gallery__row\"><div class=\"tiled-gallery__col\" style=\"flex-basis:33.33333333333333%\"><figure class=\"tiled-gallery__item\"><img decoding=\"async\" data-attachment-id=\"3674\" data-permalink=\"https:\/\/wilhelmsdorf-evangelisch.de\/?attachment_id=3674\" data-orig-file=\"https:\/\/i0.wp.com\/wilhelmsdorf-evangelisch.de\/wp-content\/uploads\/2020\/12\/wp-16078635825926293150528522008680.jpg?fit=1200%2C1600&amp;ssl=1\" data-orig-size=\"1200,1600\" data-comments-opened=\"0\" data-image-meta=\"{&quot;aperture&quot;:&quot;0&quot;,&quot;credit&quot;:&quot;&quot;,&quot;camera&quot;:&quot;&quot;,&quot;caption&quot;:&quot;&quot;,&quot;created_timestamp&quot;:&quot;0&quot;,&quot;copyright&quot;:&quot;&quot;,&quot;focal_length&quot;:&quot;0&quot;,&quot;iso&quot;:&quot;0&quot;,&quot;shutter_speed&quot;:&quot;0&quot;,&quot;title&quot;:&quot;&quot;,&quot;orientation&quot;:&quot;0&quot;}\" data-image-title=\"wp-16078635825926293150528522008680.jpg\" data-image-description=\"\" data-image-caption=\"\" data-large-file=\"https:\/\/i0.wp.com\/wilhelmsdorf-evangelisch.de\/wp-content\/uploads\/2020\/12\/wp-16078635825926293150528522008680.jpg?fit=735%2C980&amp;ssl=1\" data-attachment-id=\"3674\" data-permalink=\"https:\/\/wilhelmsdorf-evangelisch.de\/?attachment_id=3674\" data-orig-file=\"https:\/\/i0.wp.com\/wilhelmsdorf-evangelisch.de\/wp-content\/uploads\/2020\/12\/wp-16078635825926293150528522008680.jpg?fit=1200%2C1600&amp;ssl=1\" data-orig-size=\"1200,1600\" data-comments-opened=\"0\" data-image-meta=\"{&quot;aperture&quot;:&quot;0&quot;,&quot;credit&quot;:&quot;&quot;,&quot;camera&quot;:&quot;&quot;,&quot;caption&quot;:&quot;&quot;,&quot;created_timestamp&quot;:&quot;0&quot;,&quot;copyright&quot;:&quot;&quot;,&quot;focal_length&quot;:&quot;0&quot;,&quot;iso&quot;:&quot;0&quot;,&quot;shutter_speed&quot;:&quot;0&quot;,&quot;title&quot;:&quot;&quot;,&quot;orientation&quot;:&quot;0&quot;}\" data-image-title=\"wp-16078635825926293150528522008680.jpg\" data-image-description=\"\" data-image-caption=\"\" data-large-file=\"https:\/\/i0.wp.com\/wilhelmsdorf-evangelisch.de\/wp-content\/uploads\/2020\/12\/wp-16078635825926293150528522008680.jpg?fit=735%2C980&amp;ssl=1\" role=\"button\" tabindex=\"0\" aria-label=\"Bild\u00a09 von 15 im Vollbildmodus \u00f6ffnen\"data-srcset=\"https:\/\/i2.wp.com\/www.wilhelmsdorf-evangelisch.de\/wp-content\/uploads\/2020\/12\/wp-16078635825926293150528522008680.jpg?strip=info&#038;w=600 600w,https:\/\/i2.wp.com\/www.wilhelmsdorf-evangelisch.de\/wp-content\/uploads\/2020\/12\/wp-16078635825926293150528522008680.jpg?strip=info&#038;w=900 900w,https:\/\/i2.wp.com\/www.wilhelmsdorf-evangelisch.de\/wp-content\/uploads\/2020\/12\/wp-16078635825926293150528522008680.jpg?strip=info&#038;w=1200 1200w\" alt=\"\" data-height=\"1600\" data-id=\"3674\" data-link=\"https:\/\/wilhelmsdorf-evangelisch.de\/?attachment_id=3674\" data-url=\"https:\/\/wilhelmsdorf-evangelisch.de\/wp-content\/uploads\/2020\/12\/wp-16078635825926293150528522008680.jpg\" data-width=\"1200\" data-src=\"https:\/\/i2.wp.com\/www.wilhelmsdorf-evangelisch.de\/wp-content\/uploads\/2020\/12\/wp-16078635825926293150528522008680.jpg\" layout=\"responsive\" src=\"data:image\/svg+xml;base64,PHN2ZyB3aWR0aD0iMSIgaGVpZ2h0PSIxIiB4bWxucz0iaHR0cDovL3d3dy53My5vcmcvMjAwMC9zdmciPjwvc3ZnPg==\" class=\"lazyload\" \/><\/figure><\/div><div class=\"tiled-gallery__col\" style=\"flex-basis:33.33333333333333%\"><figure class=\"tiled-gallery__item\"><img decoding=\"async\" data-attachment-id=\"3675\" data-permalink=\"https:\/\/wilhelmsdorf-evangelisch.de\/?attachment_id=3675\" data-orig-file=\"https:\/\/i0.wp.com\/wilhelmsdorf-evangelisch.de\/wp-content\/uploads\/2020\/12\/wp-16078636067498838719183236532953.jpg?fit=1200%2C1600&amp;ssl=1\" data-orig-size=\"1200,1600\" data-comments-opened=\"0\" data-image-meta=\"{&quot;aperture&quot;:&quot;0&quot;,&quot;credit&quot;:&quot;&quot;,&quot;camera&quot;:&quot;&quot;,&quot;caption&quot;:&quot;&quot;,&quot;created_timestamp&quot;:&quot;0&quot;,&quot;copyright&quot;:&quot;&quot;,&quot;focal_length&quot;:&quot;0&quot;,&quot;iso&quot;:&quot;0&quot;,&quot;shutter_speed&quot;:&quot;0&quot;,&quot;title&quot;:&quot;&quot;,&quot;orientation&quot;:&quot;0&quot;}\" data-image-title=\"wp-16078636067498838719183236532953.jpg\" data-image-description=\"\" data-image-caption=\"\" data-large-file=\"https:\/\/i0.wp.com\/wilhelmsdorf-evangelisch.de\/wp-content\/uploads\/2020\/12\/wp-16078636067498838719183236532953.jpg?fit=735%2C980&amp;ssl=1\" data-attachment-id=\"3675\" data-permalink=\"https:\/\/wilhelmsdorf-evangelisch.de\/?attachment_id=3675\" data-orig-file=\"https:\/\/i0.wp.com\/wilhelmsdorf-evangelisch.de\/wp-content\/uploads\/2020\/12\/wp-16078636067498838719183236532953.jpg?fit=1200%2C1600&amp;ssl=1\" data-orig-size=\"1200,1600\" data-comments-opened=\"0\" data-image-meta=\"{&quot;aperture&quot;:&quot;0&quot;,&quot;credit&quot;:&quot;&quot;,&quot;camera&quot;:&quot;&quot;,&quot;caption&quot;:&quot;&quot;,&quot;created_timestamp&quot;:&quot;0&quot;,&quot;copyright&quot;:&quot;&quot;,&quot;focal_length&quot;:&quot;0&quot;,&quot;iso&quot;:&quot;0&quot;,&quot;shutter_speed&quot;:&quot;0&quot;,&quot;title&quot;:&quot;&quot;,&quot;orientation&quot;:&quot;0&quot;}\" data-image-title=\"wp-16078636067498838719183236532953.jpg\" data-image-description=\"\" data-image-caption=\"\" data-large-file=\"https:\/\/i0.wp.com\/wilhelmsdorf-evangelisch.de\/wp-content\/uploads\/2020\/12\/wp-16078636067498838719183236532953.jpg?fit=735%2C980&amp;ssl=1\" role=\"button\" tabindex=\"0\" aria-label=\"Bild\u00a010 von 15 im Vollbildmodus \u00f6ffnen\"data-srcset=\"https:\/\/i1.wp.com\/www.wilhelmsdorf-evangelisch.de\/wp-content\/uploads\/2020\/12\/wp-16078636067498838719183236532953.jpg?strip=info&#038;w=600 600w,https:\/\/i1.wp.com\/www.wilhelmsdorf-evangelisch.de\/wp-content\/uploads\/2020\/12\/wp-16078636067498838719183236532953.jpg?strip=info&#038;w=900 900w,https:\/\/i1.wp.com\/www.wilhelmsdorf-evangelisch.de\/wp-content\/uploads\/2020\/12\/wp-16078636067498838719183236532953.jpg?strip=info&#038;w=1200 1200w\" alt=\"\" data-height=\"1600\" data-id=\"3675\" data-link=\"https:\/\/wilhelmsdorf-evangelisch.de\/?attachment_id=3675\" data-url=\"https:\/\/wilhelmsdorf-evangelisch.de\/wp-content\/uploads\/2020\/12\/wp-16078636067498838719183236532953.jpg\" data-width=\"1200\" data-src=\"https:\/\/i1.wp.com\/www.wilhelmsdorf-evangelisch.de\/wp-content\/uploads\/2020\/12\/wp-16078636067498838719183236532953.jpg\" layout=\"responsive\" src=\"data:image\/svg+xml;base64,PHN2ZyB3aWR0aD0iMSIgaGVpZ2h0PSIxIiB4bWxucz0iaHR0cDovL3d3dy53My5vcmcvMjAwMC9zdmciPjwvc3ZnPg==\" class=\"lazyload\" \/><\/figure><\/div><div class=\"tiled-gallery__col\" style=\"flex-basis:33.33333333333333%\"><figure class=\"tiled-gallery__item\"><img decoding=\"async\" data-attachment-id=\"3682\" data-permalink=\"https:\/\/wilhelmsdorf-evangelisch.de\/?attachment_id=3682\" data-orig-file=\"https:\/\/i0.wp.com\/wilhelmsdorf-evangelisch.de\/wp-content\/uploads\/2020\/12\/wp-16081524425451487623192449402143.jpg?fit=1200%2C1600&amp;ssl=1\" data-orig-size=\"1200,1600\" data-comments-opened=\"0\" data-image-meta=\"{&quot;aperture&quot;:&quot;0&quot;,&quot;credit&quot;:&quot;&quot;,&quot;camera&quot;:&quot;&quot;,&quot;caption&quot;:&quot;&quot;,&quot;created_timestamp&quot;:&quot;0&quot;,&quot;copyright&quot;:&quot;&quot;,&quot;focal_length&quot;:&quot;0&quot;,&quot;iso&quot;:&quot;0&quot;,&quot;shutter_speed&quot;:&quot;0&quot;,&quot;title&quot;:&quot;&quot;,&quot;orientation&quot;:&quot;0&quot;}\" data-image-title=\"wp-16081524425451487623192449402143.jpg\" data-image-description=\"\" data-image-caption=\"\" data-large-file=\"https:\/\/i0.wp.com\/wilhelmsdorf-evangelisch.de\/wp-content\/uploads\/2020\/12\/wp-16081524425451487623192449402143.jpg?fit=735%2C980&amp;ssl=1\" data-attachment-id=\"3682\" data-permalink=\"https:\/\/wilhelmsdorf-evangelisch.de\/?attachment_id=3682\" data-orig-file=\"https:\/\/i0.wp.com\/wilhelmsdorf-evangelisch.de\/wp-content\/uploads\/2020\/12\/wp-16081524425451487623192449402143.jpg?fit=1200%2C1600&amp;ssl=1\" data-orig-size=\"1200,1600\" data-comments-opened=\"0\" data-image-meta=\"{&quot;aperture&quot;:&quot;0&quot;,&quot;credit&quot;:&quot;&quot;,&quot;camera&quot;:&quot;&quot;,&quot;caption&quot;:&quot;&quot;,&quot;created_timestamp&quot;:&quot;0&quot;,&quot;copyright&quot;:&quot;&quot;,&quot;focal_length&quot;:&quot;0&quot;,&quot;iso&quot;:&quot;0&quot;,&quot;shutter_speed&quot;:&quot;0&quot;,&quot;title&quot;:&quot;&quot;,&quot;orientation&quot;:&quot;0&quot;}\" data-image-title=\"wp-16081524425451487623192449402143.jpg\" data-image-description=\"\" data-image-caption=\"\" data-large-file=\"https:\/\/i0.wp.com\/wilhelmsdorf-evangelisch.de\/wp-content\/uploads\/2020\/12\/wp-16081524425451487623192449402143.jpg?fit=735%2C980&amp;ssl=1\" role=\"button\" tabindex=\"0\" aria-label=\"Bild\u00a011 von 15 im Vollbildmodus \u00f6ffnen\"data-srcset=\"https:\/\/i1.wp.com\/www.wilhelmsdorf-evangelisch.de\/wp-content\/uploads\/2020\/12\/wp-16081524425451487623192449402143.jpg?strip=info&#038;w=600 600w,https:\/\/i1.wp.com\/www.wilhelmsdorf-evangelisch.de\/wp-content\/uploads\/2020\/12\/wp-16081524425451487623192449402143.jpg?strip=info&#038;w=900 900w,https:\/\/i1.wp.com\/www.wilhelmsdorf-evangelisch.de\/wp-content\/uploads\/2020\/12\/wp-16081524425451487623192449402143.jpg?strip=info&#038;w=1200 1200w\" alt=\"\" data-height=\"1600\" data-id=\"3682\" data-link=\"https:\/\/wilhelmsdorf-evangelisch.de\/?attachment_id=3682\" data-url=\"https:\/\/wilhelmsdorf-evangelisch.de\/wp-content\/uploads\/2020\/12\/wp-16081524425451487623192449402143.jpg\" data-width=\"1200\" data-src=\"https:\/\/i1.wp.com\/www.wilhelmsdorf-evangelisch.de\/wp-content\/uploads\/2020\/12\/wp-16081524425451487623192449402143.jpg\" layout=\"responsive\" src=\"data:image\/svg+xml;base64,PHN2ZyB3aWR0aD0iMSIgaGVpZ2h0PSIxIiB4bWxucz0iaHR0cDovL3d3dy53My5vcmcvMjAwMC9zdmciPjwvc3ZnPg==\" class=\"lazyload\" \/><\/figure><\/div><\/div><div class=\"tiled-gallery__row\"><div class=\"tiled-gallery__col\" style=\"flex-basis:25%\"><figure class=\"tiled-gallery__item\"><img decoding=\"async\" data-attachment-id=\"3683\" data-permalink=\"https:\/\/wilhelmsdorf-evangelisch.de\/?attachment_id=3683\" data-orig-file=\"https:\/\/i0.wp.com\/wilhelmsdorf-evangelisch.de\/wp-content\/uploads\/2020\/12\/wp-16081524648433468382282748284783.jpg?fit=1200%2C1600&amp;ssl=1\" data-orig-size=\"1200,1600\" data-comments-opened=\"0\" data-image-meta=\"{&quot;aperture&quot;:&quot;0&quot;,&quot;credit&quot;:&quot;&quot;,&quot;camera&quot;:&quot;&quot;,&quot;caption&quot;:&quot;&quot;,&quot;created_timestamp&quot;:&quot;0&quot;,&quot;copyright&quot;:&quot;&quot;,&quot;focal_length&quot;:&quot;0&quot;,&quot;iso&quot;:&quot;0&quot;,&quot;shutter_speed&quot;:&quot;0&quot;,&quot;title&quot;:&quot;&quot;,&quot;orientation&quot;:&quot;0&quot;}\" data-image-title=\"wp-16081524648433468382282748284783.jpg\" data-image-description=\"\" data-image-caption=\"\" data-large-file=\"https:\/\/i0.wp.com\/wilhelmsdorf-evangelisch.de\/wp-content\/uploads\/2020\/12\/wp-16081524648433468382282748284783.jpg?fit=735%2C980&amp;ssl=1\" data-attachment-id=\"3683\" data-permalink=\"https:\/\/wilhelmsdorf-evangelisch.de\/?attachment_id=3683\" data-orig-file=\"https:\/\/i0.wp.com\/wilhelmsdorf-evangelisch.de\/wp-content\/uploads\/2020\/12\/wp-16081524648433468382282748284783.jpg?fit=1200%2C1600&amp;ssl=1\" data-orig-size=\"1200,1600\" data-comments-opened=\"0\" data-image-meta=\"{&quot;aperture&quot;:&quot;0&quot;,&quot;credit&quot;:&quot;&quot;,&quot;camera&quot;:&quot;&quot;,&quot;caption&quot;:&quot;&quot;,&quot;created_timestamp&quot;:&quot;0&quot;,&quot;copyright&quot;:&quot;&quot;,&quot;focal_length&quot;:&quot;0&quot;,&quot;iso&quot;:&quot;0&quot;,&quot;shutter_speed&quot;:&quot;0&quot;,&quot;title&quot;:&quot;&quot;,&quot;orientation&quot;:&quot;0&quot;}\" data-image-title=\"wp-16081524648433468382282748284783.jpg\" data-image-description=\"\" data-image-caption=\"\" data-large-file=\"https:\/\/i0.wp.com\/wilhelmsdorf-evangelisch.de\/wp-content\/uploads\/2020\/12\/wp-16081524648433468382282748284783.jpg?fit=735%2C980&amp;ssl=1\" role=\"button\" tabindex=\"0\" aria-label=\"Bild\u00a012 von 15 im Vollbildmodus \u00f6ffnen\"data-srcset=\"https:\/\/i1.wp.com\/www.wilhelmsdorf-evangelisch.de\/wp-content\/uploads\/2020\/12\/wp-16081524648433468382282748284783.jpg?strip=info&#038;w=600 600w,https:\/\/i1.wp.com\/www.wilhelmsdorf-evangelisch.de\/wp-content\/uploads\/2020\/12\/wp-16081524648433468382282748284783.jpg?strip=info&#038;w=900 900w,https:\/\/i1.wp.com\/www.wilhelmsdorf-evangelisch.de\/wp-content\/uploads\/2020\/12\/wp-16081524648433468382282748284783.jpg?strip=info&#038;w=1200 1200w\" alt=\"\" data-height=\"1600\" data-id=\"3683\" data-link=\"https:\/\/wilhelmsdorf-evangelisch.de\/?attachment_id=3683\" data-url=\"https:\/\/wilhelmsdorf-evangelisch.de\/wp-content\/uploads\/2020\/12\/wp-16081524648433468382282748284783.jpg\" data-width=\"1200\" data-src=\"https:\/\/i1.wp.com\/www.wilhelmsdorf-evangelisch.de\/wp-content\/uploads\/2020\/12\/wp-16081524648433468382282748284783.jpg\" layout=\"responsive\" src=\"data:image\/svg+xml;base64,PHN2ZyB3aWR0aD0iMSIgaGVpZ2h0PSIxIiB4bWxucz0iaHR0cDovL3d3dy53My5vcmcvMjAwMC9zdmciPjwvc3ZnPg==\" class=\"lazyload\" \/><\/figure><\/div><div class=\"tiled-gallery__col\" style=\"flex-basis:25%\"><figure class=\"tiled-gallery__item\"><img decoding=\"async\" data-attachment-id=\"3778\" data-permalink=\"https:\/\/wilhelmsdorf-evangelisch.de\/?attachment_id=3778\" data-orig-file=\"https:\/\/i0.wp.com\/wilhelmsdorf-evangelisch.de\/wp-content\/uploads\/2020\/12\/wp-16085784615021298004675254233648.jpg?fit=1200%2C1600&amp;ssl=1\" data-orig-size=\"1200,1600\" data-comments-opened=\"0\" data-image-meta=\"{&quot;aperture&quot;:&quot;0&quot;,&quot;credit&quot;:&quot;&quot;,&quot;camera&quot;:&quot;&quot;,&quot;caption&quot;:&quot;&quot;,&quot;created_timestamp&quot;:&quot;0&quot;,&quot;copyright&quot;:&quot;&quot;,&quot;focal_length&quot;:&quot;0&quot;,&quot;iso&quot;:&quot;0&quot;,&quot;shutter_speed&quot;:&quot;0&quot;,&quot;title&quot;:&quot;&quot;,&quot;orientation&quot;:&quot;0&quot;}\" data-image-title=\"wp-16085784615021298004675254233648.jpg\" data-image-description=\"\" data-image-caption=\"\" data-large-file=\"https:\/\/i0.wp.com\/wilhelmsdorf-evangelisch.de\/wp-content\/uploads\/2020\/12\/wp-16085784615021298004675254233648.jpg?fit=735%2C980&amp;ssl=1\" data-attachment-id=\"3778\" data-permalink=\"https:\/\/wilhelmsdorf-evangelisch.de\/?attachment_id=3778\" data-orig-file=\"https:\/\/i0.wp.com\/wilhelmsdorf-evangelisch.de\/wp-content\/uploads\/2020\/12\/wp-16085784615021298004675254233648.jpg?fit=1200%2C1600&amp;ssl=1\" data-orig-size=\"1200,1600\" data-comments-opened=\"0\" data-image-meta=\"{&quot;aperture&quot;:&quot;0&quot;,&quot;credit&quot;:&quot;&quot;,&quot;camera&quot;:&quot;&quot;,&quot;caption&quot;:&quot;&quot;,&quot;created_timestamp&quot;:&quot;0&quot;,&quot;copyright&quot;:&quot;&quot;,&quot;focal_length&quot;:&quot;0&quot;,&quot;iso&quot;:&quot;0&quot;,&quot;shutter_speed&quot;:&quot;0&quot;,&quot;title&quot;:&quot;&quot;,&quot;orientation&quot;:&quot;0&quot;}\" data-image-title=\"wp-16085784615021298004675254233648.jpg\" data-image-description=\"\" data-image-caption=\"\" data-large-file=\"https:\/\/i0.wp.com\/wilhelmsdorf-evangelisch.de\/wp-content\/uploads\/2020\/12\/wp-16085784615021298004675254233648.jpg?fit=735%2C980&amp;ssl=1\" role=\"button\" tabindex=\"0\" aria-label=\"Bild\u00a013 von 15 im Vollbildmodus \u00f6ffnen\"data-srcset=\"https:\/\/i2.wp.com\/www.wilhelmsdorf-evangelisch.de\/wp-content\/uploads\/2020\/12\/wp-16085784615021298004675254233648.jpg?strip=info&#038;w=600 600w,https:\/\/i2.wp.com\/www.wilhelmsdorf-evangelisch.de\/wp-content\/uploads\/2020\/12\/wp-16085784615021298004675254233648.jpg?strip=info&#038;w=900 900w,https:\/\/i2.wp.com\/www.wilhelmsdorf-evangelisch.de\/wp-content\/uploads\/2020\/12\/wp-16085784615021298004675254233648.jpg?strip=info&#038;w=1200 1200w\" alt=\"\" data-height=\"1600\" data-id=\"3778\" data-link=\"https:\/\/wilhelmsdorf-evangelisch.de\/?attachment_id=3778\" data-url=\"https:\/\/wilhelmsdorf-evangelisch.de\/wp-content\/uploads\/2020\/12\/wp-16085784615021298004675254233648.jpg\" data-width=\"1200\" data-src=\"https:\/\/i2.wp.com\/www.wilhelmsdorf-evangelisch.de\/wp-content\/uploads\/2020\/12\/wp-16085784615021298004675254233648.jpg\" layout=\"responsive\" src=\"data:image\/svg+xml;base64,PHN2ZyB3aWR0aD0iMSIgaGVpZ2h0PSIxIiB4bWxucz0iaHR0cDovL3d3dy53My5vcmcvMjAwMC9zdmciPjwvc3ZnPg==\" class=\"lazyload\" \/><\/figure><\/div><div class=\"tiled-gallery__col\" style=\"flex-basis:25%\"><figure class=\"tiled-gallery__item\"><img decoding=\"async\" data-attachment-id=\"3779\" data-permalink=\"https:\/\/wilhelmsdorf-evangelisch.de\/?attachment_id=3779\" data-orig-file=\"https:\/\/i0.wp.com\/wilhelmsdorf-evangelisch.de\/wp-content\/uploads\/2020\/12\/wp-16085784815774426789187850881499.jpg?fit=768%2C1024&amp;ssl=1\" data-orig-size=\"768,1024\" data-comments-opened=\"0\" data-image-meta=\"{&quot;aperture&quot;:&quot;0&quot;,&quot;credit&quot;:&quot;&quot;,&quot;camera&quot;:&quot;&quot;,&quot;caption&quot;:&quot;&quot;,&quot;created_timestamp&quot;:&quot;0&quot;,&quot;copyright&quot;:&quot;&quot;,&quot;focal_length&quot;:&quot;0&quot;,&quot;iso&quot;:&quot;0&quot;,&quot;shutter_speed&quot;:&quot;0&quot;,&quot;title&quot;:&quot;&quot;,&quot;orientation&quot;:&quot;0&quot;}\" data-image-title=\"wp-16085784815774426789187850881499.jpg\" data-image-description=\"\" data-image-caption=\"\" data-large-file=\"https:\/\/i0.wp.com\/wilhelmsdorf-evangelisch.de\/wp-content\/uploads\/2020\/12\/wp-16085784815774426789187850881499.jpg?fit=735%2C980&amp;ssl=1\" data-attachment-id=\"3779\" data-permalink=\"https:\/\/wilhelmsdorf-evangelisch.de\/?attachment_id=3779\" data-orig-file=\"https:\/\/i0.wp.com\/wilhelmsdorf-evangelisch.de\/wp-content\/uploads\/2020\/12\/wp-16085784815774426789187850881499.jpg?fit=768%2C1024&amp;ssl=1\" data-orig-size=\"768,1024\" data-comments-opened=\"0\" data-image-meta=\"{&quot;aperture&quot;:&quot;0&quot;,&quot;credit&quot;:&quot;&quot;,&quot;camera&quot;:&quot;&quot;,&quot;caption&quot;:&quot;&quot;,&quot;created_timestamp&quot;:&quot;0&quot;,&quot;copyright&quot;:&quot;&quot;,&quot;focal_length&quot;:&quot;0&quot;,&quot;iso&quot;:&quot;0&quot;,&quot;shutter_speed&quot;:&quot;0&quot;,&quot;title&quot;:&quot;&quot;,&quot;orientation&quot;:&quot;0&quot;}\" data-image-title=\"wp-16085784815774426789187850881499.jpg\" data-image-description=\"\" data-image-caption=\"\" data-large-file=\"https:\/\/i0.wp.com\/wilhelmsdorf-evangelisch.de\/wp-content\/uploads\/2020\/12\/wp-16085784815774426789187850881499.jpg?fit=735%2C980&amp;ssl=1\" role=\"button\" tabindex=\"0\" aria-label=\"Bild\u00a014 von 15 im Vollbildmodus \u00f6ffnen\"data-srcset=\"https:\/\/i1.wp.com\/www.wilhelmsdorf-evangelisch.de\/wp-content\/uploads\/2020\/12\/wp-16085784815774426789187850881499.jpg?strip=info&#038;w=600 600w,https:\/\/i1.wp.com\/www.wilhelmsdorf-evangelisch.de\/wp-content\/uploads\/2020\/12\/wp-16085784815774426789187850881499.jpg?strip=info&#038;w=768 768w\" alt=\"\" data-height=\"1024\" data-id=\"3779\" data-link=\"https:\/\/wilhelmsdorf-evangelisch.de\/?attachment_id=3779\" data-url=\"https:\/\/wilhelmsdorf-evangelisch.de\/wp-content\/uploads\/2020\/12\/wp-16085784815774426789187850881499.jpg\" data-width=\"768\" data-src=\"https:\/\/i1.wp.com\/www.wilhelmsdorf-evangelisch.de\/wp-content\/uploads\/2020\/12\/wp-16085784815774426789187850881499.jpg\" layout=\"responsive\" src=\"data:image\/svg+xml;base64,PHN2ZyB3aWR0aD0iMSIgaGVpZ2h0PSIxIiB4bWxucz0iaHR0cDovL3d3dy53My5vcmcvMjAwMC9zdmciPjwvc3ZnPg==\" class=\"lazyload\" \/><\/figure><\/div><div class=\"tiled-gallery__col\" style=\"flex-basis:25%\"><figure class=\"tiled-gallery__item\"><img decoding=\"async\" data-attachment-id=\"3780\" data-permalink=\"https:\/\/wilhelmsdorf-evangelisch.de\/?attachment_id=3780\" data-orig-file=\"https:\/\/i0.wp.com\/wilhelmsdorf-evangelisch.de\/wp-content\/uploads\/2020\/12\/wp-16085784987423262646635456169425.jpg?fit=1200%2C1600&amp;ssl=1\" data-orig-size=\"1200,1600\" data-comments-opened=\"0\" data-image-meta=\"{&quot;aperture&quot;:&quot;0&quot;,&quot;credit&quot;:&quot;&quot;,&quot;camera&quot;:&quot;&quot;,&quot;caption&quot;:&quot;&quot;,&quot;created_timestamp&quot;:&quot;0&quot;,&quot;copyright&quot;:&quot;&quot;,&quot;focal_length&quot;:&quot;0&quot;,&quot;iso&quot;:&quot;0&quot;,&quot;shutter_speed&quot;:&quot;0&quot;,&quot;title&quot;:&quot;&quot;,&quot;orientation&quot;:&quot;0&quot;}\" data-image-title=\"wp-16085784987423262646635456169425.jpg\" data-image-description=\"\" data-image-caption=\"\" data-large-file=\"https:\/\/i0.wp.com\/wilhelmsdorf-evangelisch.de\/wp-content\/uploads\/2020\/12\/wp-16085784987423262646635456169425.jpg?fit=735%2C980&amp;ssl=1\" data-attachment-id=\"3780\" data-permalink=\"https:\/\/wilhelmsdorf-evangelisch.de\/?attachment_id=3780\" data-orig-file=\"https:\/\/i0.wp.com\/wilhelmsdorf-evangelisch.de\/wp-content\/uploads\/2020\/12\/wp-16085784987423262646635456169425.jpg?fit=1200%2C1600&amp;ssl=1\" data-orig-size=\"1200,1600\" data-comments-opened=\"0\" data-image-meta=\"{&quot;aperture&quot;:&quot;0&quot;,&quot;credit&quot;:&quot;&quot;,&quot;camera&quot;:&quot;&quot;,&quot;caption&quot;:&quot;&quot;,&quot;created_timestamp&quot;:&quot;0&quot;,&quot;copyright&quot;:&quot;&quot;,&quot;focal_length&quot;:&quot;0&quot;,&quot;iso&quot;:&quot;0&quot;,&quot;shutter_speed&quot;:&quot;0&quot;,&quot;title&quot;:&quot;&quot;,&quot;orientation&quot;:&quot;0&quot;}\" data-image-title=\"wp-16085784987423262646635456169425.jpg\" data-image-description=\"\" data-image-caption=\"\" data-large-file=\"https:\/\/i0.wp.com\/wilhelmsdorf-evangelisch.de\/wp-content\/uploads\/2020\/12\/wp-16085784987423262646635456169425.jpg?fit=735%2C980&amp;ssl=1\" role=\"button\" tabindex=\"0\" aria-label=\"Bild\u00a015 von 15 im Vollbildmodus \u00f6ffnen\"data-srcset=\"https:\/\/i2.wp.com\/www.wilhelmsdorf-evangelisch.de\/wp-content\/uploads\/2020\/12\/wp-16085784987423262646635456169425.jpg?strip=info&#038;w=600 600w,https:\/\/i2.wp.com\/www.wilhelmsdorf-evangelisch.de\/wp-content\/uploads\/2020\/12\/wp-16085784987423262646635456169425.jpg?strip=info&#038;w=900 900w,https:\/\/i2.wp.com\/www.wilhelmsdorf-evangelisch.de\/wp-content\/uploads\/2020\/12\/wp-16085784987423262646635456169425.jpg?strip=info&#038;w=1200 1200w\" alt=\"\" data-height=\"1600\" data-id=\"3780\" data-link=\"https:\/\/wilhelmsdorf-evangelisch.de\/?attachment_id=3780\" data-url=\"https:\/\/wilhelmsdorf-evangelisch.de\/wp-content\/uploads\/2020\/12\/wp-16085784987423262646635456169425.jpg\" data-width=\"1200\" data-src=\"https:\/\/i2.wp.com\/www.wilhelmsdorf-evangelisch.de\/wp-content\/uploads\/2020\/12\/wp-16085784987423262646635456169425.jpg\" layout=\"responsive\" src=\"data:image\/svg+xml;base64,PHN2ZyB3aWR0aD0iMSIgaGVpZ2h0PSIxIiB4bWxucz0iaHR0cDovL3d3dy53My5vcmcvMjAwMC9zdmciPjwvc3ZnPg==\" class=\"lazyload\" \/><\/figure><\/div><\/div><\/div><\/div>\n\n\n\n<p>Und manchmal haben Fenster-besitze auch noch ganz andere Ideen:<\/p>\n\n\n\n<figure class=\"wp-block-embed is-type-video is-provider-youtube wp-block-embed-youtube wp-embed-aspect-4-3 wp-has-aspect-ratio\"><div class=\"wp-block-embed__wrapper\">\n<div  id=\"_ytid_91629\" class=\"__youtube_prefs__  __youtube_prefs_gdpr__  epyt-is-override \" allowfullscreen data-no-lazy=\"1\" data-skipgform_ajax_framebjll=\"\"><p><strong>Um Youtube-Videos anzusehen ist es erforderlich, entsprechende Cookies zu akzeptieren.<br \/>\n<\/strong>\u00a0By accepting you will be accessing content from YouTube, a service provided by an external third party.<\/p>\n<p><a href=\"https:\/\/policies.google.com\/privacy\" target=\"_blank\" rel=\"noopener\">YouTube privacy policy<\/a><\/p>\n<p>Wenn Sie zustimmen, wird ihre Zustimmung gespeichert, und die seite mit dem Video geladen.<\/p>\n<button type=\"button\" class=\"__youtube_prefs_gdpr__\">Accept YouTube Content\/ Akzeptieren<img data-recalc-dims=\"1\" decoding=\"async\" src=\"https:\/\/i0.wp.com\/wilhelmsdorf-evangelisch.de\/wp-content\/plugins\/youtube-embed-plus\/images\/icon-check.png?w=735&#038;ssl=1\" alt=\"accept\" data-no-lazy=\"1\" data-skipgform_ajax_framebjll=\"\" \/><\/button><\/div>\n<\/div><\/figure>\n","protected":false},"excerpt":{"rendered":"<p>Aufgrund der derzeitigen Pandemiestufe ist es leider nicht m\u00f6glich, den lebendigen Adventskalender im bisher gewohnten Umfang stattfinden zu lassen. Verzichten m\u00f6chten wir dennoch nicht und freuen uns, den Adventskalender in &hellip; <\/p>\n","protected":false},"author":1,"featured_media":3615,"comment_status":"closed","ping_status":"open","sticky":false,"template":"","format":"standard","meta":{"_jetpack_newsletter_access":"","_jetpack_dont_email_post_to_subs":false,"_jetpack_newsletter_tier_id":0,"_jetpack_memberships_contains_paywalled_content":false,"_jetpack_memberships_contains_paid_content":false,"footnotes":""},"categories":[8,1],"tags":[],"class_list":["post-3561","post","type-post","status-publish","format-standard","has-post-thumbnail","hentry","category-berichte","category-uncategorized"],"jetpack_featured_media_url":"https:\/\/i0.wp.com\/wilhelmsdorf-evangelisch.de\/wp-content\/uploads\/2020\/12\/BrunnAdvent2020_2-e1606936047418.jpeg?fit=1196%2C808&ssl=1","jetpack_sharing_enabled":true,"jetpack_shortlink":"https:\/\/wp.me\/p8teGU-Vr","_links":{"self":[{"href":"https:\/\/wilhelmsdorf-evangelisch.de\/index.php?rest_route=\/wp\/v2\/posts\/3561","targetHints":{"allow":["GET"]}}],"collection":[{"href":"https:\/\/wilhelmsdorf-evangelisch.de\/index.php?rest_route=\/wp\/v2\/posts"}],"about":[{"href":"https:\/\/wilhelmsdorf-evangelisch.de\/index.php?rest_route=\/wp\/v2\/types\/post"}],"author":[{"embeddable":true,"href":"https:\/\/wilhelmsdorf-evangelisch.de\/index.php?rest_route=\/wp\/v2\/users\/1"}],"replies":[{"embeddable":true,"href":"https:\/\/wilhelmsdorf-evangelisch.de\/index.php?rest_route=%2Fwp%2Fv2%2Fcomments&post=3561"}],"version-history":[{"count":18,"href":"https:\/\/wilhelmsdorf-evangelisch.de\/index.php?rest_route=\/wp\/v2\/posts\/3561\/revisions"}],"predecessor-version":[{"id":3782,"href":"https:\/\/wilhelmsdorf-evangelisch.de\/index.php?rest_route=\/wp\/v2\/posts\/3561\/revisions\/3782"}],"wp:featuredmedia":[{"embeddable":true,"href":"https:\/\/wilhelmsdorf-evangelisch.de\/index.php?rest_route=\/wp\/v2\/media\/3615"}],"wp:attachment":[{"href":"https:\/\/wilhelmsdorf-evangelisch.de\/index.php?rest_route=%2Fwp%2Fv2%2Fmedia&parent=3561"}],"wp:term":[{"taxonomy":"category","embeddable":true,"href":"https:\/\/wilhelmsdorf-evangelisch.de\/index.php?rest_route=%2Fwp%2Fv2%2Fcategories&post=3561"},{"taxonomy":"post_tag","embeddable":true,"href":"https:\/\/wilhelmsdorf-evangelisch.de\/index.php?rest_route=%2Fwp%2Fv2%2Ftags&post=3561"}],"curies":[{"name":"wp","href":"https:\/\/api.w.org\/{rel}","templated":true}]}}