{"id":3471,"date":"2020-09-03T12:29:31","date_gmt":"2020-09-03T10:29:31","guid":{"rendered":"http:\/\/www.wilhelmsdorf-evangelisch.de\/?p=3471"},"modified":"2021-07-07T13:00:25","modified_gmt":"2021-07-07T11:00:25","slug":"konfirmationen-2020","status":"publish","type":"post","link":"https:\/\/wilhelmsdorf-evangelisch.de\/?p=3471","title":{"rendered":"Konfirmationen 2020"},"content":{"rendered":"\n<p>Mit einem halben Jahr Corona-verz\u00f6gerungen sind wir nun gestartet und feiern mit unseren Konfirmandinnen und Konfirmanden ihr gro\u00dfes Fest.<\/p>\n\n\n\n<p>In Brunn haben Laura Koch, Fiona Sch\u00f6nleben, und Marc K\u00f6llner den Anfang gemacht und am 23. August ihre Konfirmation gefeiert.<br>In Wilhelmsdorf haben am 12. September Jule Gebert, Sophie Lindner, Daniel Buchholzer, Lukas Scheuermann und Hannes Wohlleb konfirmiert.<\/p>\n\n\n\n<div class=\"wp-block-jetpack-slideshow aligncenter\" data-effect=\"slide\"><div class=\"wp-block-jetpack-slideshow_container swiper-container\"><ul class=\"wp-block-jetpack-slideshow_swiper-wrapper swiper-wrapper\"><li class=\"wp-block-jetpack-slideshow_slide swiper-slide\"><figure><img data-recalc-dims=\"1\" height=\"551\" width=\"735\" decoding=\"async\" alt=\"\" class=\"wp-block-jetpack-slideshow_image wp-image-3472 lazyload\" data-id=\"3472\" data-src=\"https:\/\/i0.wp.com\/wilhelmsdorf-evangelisch.de\/wp-content\/uploads\/2020\/09\/Konfirmation-Brunn-P1030358.jpg?resize=735%2C551&#038;ssl=1\" src=\"data:image\/svg+xml;base64,PHN2ZyB3aWR0aD0iMSIgaGVpZ2h0PSIxIiB4bWxucz0iaHR0cDovL3d3dy53My5vcmcvMjAwMC9zdmciPjwvc3ZnPg==\" style=\"--smush-placeholder-width: 735px; --smush-placeholder-aspect-ratio: 735\/551;\" \/><\/figure><\/li><li class=\"wp-block-jetpack-slideshow_slide swiper-slide\"><figure><img data-recalc-dims=\"1\" decoding=\"async\" width=\"735\" height=\"980\" alt=\"\" class=\"wp-block-jetpack-slideshow_image wp-image-3473 lazyload\" data-id=\"3473\" data-src=\"https:\/\/i0.wp.com\/wilhelmsdorf-evangelisch.de\/wp-content\/uploads\/2020\/09\/Konfirmation-Brunn1.jpg?resize=735%2C980&#038;ssl=1\" data-srcset=\"https:\/\/i0.wp.com\/wilhelmsdorf-evangelisch.de\/wp-content\/uploads\/2020\/09\/Konfirmation-Brunn1.jpg?resize=768%2C1024&amp;ssl=1 768w, https:\/\/i0.wp.com\/wilhelmsdorf-evangelisch.de\/wp-content\/uploads\/2020\/09\/Konfirmation-Brunn1.jpg?resize=225%2C300&amp;ssl=1 225w, https:\/\/i0.wp.com\/wilhelmsdorf-evangelisch.de\/wp-content\/uploads\/2020\/09\/Konfirmation-Brunn1.jpg?resize=1152%2C1536&amp;ssl=1 1152w, https:\/\/i0.wp.com\/wilhelmsdorf-evangelisch.de\/wp-content\/uploads\/2020\/09\/Konfirmation-Brunn1.jpg?w=1200&amp;ssl=1 1200w\" data-sizes=\"(max-width: 735px) 100vw, 735px\" src=\"data:image\/svg+xml;base64,PHN2ZyB3aWR0aD0iMSIgaGVpZ2h0PSIxIiB4bWxucz0iaHR0cDovL3d3dy53My5vcmcvMjAwMC9zdmciPjwvc3ZnPg==\" style=\"--smush-placeholder-width: 735px; --smush-placeholder-aspect-ratio: 735\/980;\" \/><\/figure><\/li><li class=\"wp-block-jetpack-slideshow_slide swiper-slide\"><figure><img data-recalc-dims=\"1\" height=\"980\" width=\"735\" decoding=\"async\" alt=\"\" class=\"wp-block-jetpack-slideshow_image wp-image-3474 lazyload\" data-id=\"3474\" data-src=\"https:\/\/i0.wp.com\/wilhelmsdorf-evangelisch.de\/wp-content\/uploads\/2020\/09\/Konfirmation-Brunn2.jpg?resize=735%2C980&#038;ssl=1\" src=\"data:image\/svg+xml;base64,PHN2ZyB3aWR0aD0iMSIgaGVpZ2h0PSIxIiB4bWxucz0iaHR0cDovL3d3dy53My5vcmcvMjAwMC9zdmciPjwvc3ZnPg==\" style=\"--smush-placeholder-width: 735px; --smush-placeholder-aspect-ratio: 735\/980;\" \/><\/figure><\/li><li class=\"wp-block-jetpack-slideshow_slide swiper-slide\"><figure><img data-recalc-dims=\"1\" height=\"490\" width=\"735\" decoding=\"async\" alt=\"\" class=\"wp-block-jetpack-slideshow_image wp-image-3482 lazyload\" data-id=\"3482\" data-src=\"https:\/\/i0.wp.com\/wilhelmsdorf-evangelisch.de\/wp-content\/uploads\/2020\/09\/IMG_9723.jpg?resize=735%2C490&#038;ssl=1\" src=\"data:image\/svg+xml;base64,PHN2ZyB3aWR0aD0iMSIgaGVpZ2h0PSIxIiB4bWxucz0iaHR0cDovL3d3dy53My5vcmcvMjAwMC9zdmciPjwvc3ZnPg==\" style=\"--smush-placeholder-width: 735px; --smush-placeholder-aspect-ratio: 735\/490;\" \/><\/figure><\/li><li class=\"wp-block-jetpack-slideshow_slide swiper-slide\"><figure><img data-recalc-dims=\"1\" height=\"490\" width=\"735\" decoding=\"async\" alt=\"\" class=\"wp-block-jetpack-slideshow_image wp-image-3481 lazyload\" data-id=\"3481\" data-src=\"https:\/\/i0.wp.com\/wilhelmsdorf-evangelisch.de\/wp-content\/uploads\/2020\/09\/IMG_9720.jpg?resize=735%2C490&#038;ssl=1\" src=\"data:image\/svg+xml;base64,PHN2ZyB3aWR0aD0iMSIgaGVpZ2h0PSIxIiB4bWxucz0iaHR0cDovL3d3dy53My5vcmcvMjAwMC9zdmciPjwvc3ZnPg==\" style=\"--smush-placeholder-width: 735px; --smush-placeholder-aspect-ratio: 735\/490;\" \/><\/figure><\/li><\/ul><a class=\"wp-block-jetpack-slideshow_button-prev swiper-button-prev swiper-button-white\" role=\"button\"><\/a><a class=\"wp-block-jetpack-slideshow_button-next swiper-button-next swiper-button-white\" role=\"button\"><\/a><a aria-label=\"Pause Slideshow\" class=\"wp-block-jetpack-slideshow_button-pause\" role=\"button\"><\/a><div class=\"wp-block-jetpack-slideshow_pagination swiper-pagination swiper-pagination-white\"><\/div><\/div><\/div>\n\n\n\n<p>In Wilhhelmsdorf ist es mit 14 Konfirmandinnen und Konfirmanden nicht m\u00f6glich, gemeinsam zu feiern und dabei die Corona-Regeln einzuhalten. So haben sich die Wilhelmsdorfer Familien geeinigt, die Konfirmation 2020 in drei Gruppen an verschiedenen Tagen im September zu feiern. Bei diesen Gottesdiensten werden die Pl\u00e4tze f\u00fcr jede Familie und deren G\u00e4ste genau ausgewiesen sein. So ist es leider nicht m\u00f6glich, weitere zus\u00e4tzliche  Besucher in der Kirche zu begr\u00fc\u00dfen. Da bitten wir Sie als Gemeindeglieder um Verst\u00e4ndnis.<\/p>\n\n\n\n<figure class=\"wp-block-image size-large\"><img data-recalc-dims=\"1\" decoding=\"async\" width=\"735\" height=\"696\" data-attachment-id=\"3475\" data-permalink=\"https:\/\/wilhelmsdorf-evangelisch.de\/?attachment_id=3475\" data-orig-file=\"https:\/\/i0.wp.com\/wilhelmsdorf-evangelisch.de\/wp-content\/uploads\/2020\/09\/WHD-konfirmanden2020.jpg?fit=865%2C819&amp;ssl=1\" data-orig-size=\"865,819\" data-comments-opened=\"0\" data-image-meta=\"{&quot;aperture&quot;:&quot;0&quot;,&quot;credit&quot;:&quot;&quot;,&quot;camera&quot;:&quot;&quot;,&quot;caption&quot;:&quot;&quot;,&quot;created_timestamp&quot;:&quot;0&quot;,&quot;copyright&quot;:&quot;&quot;,&quot;focal_length&quot;:&quot;0&quot;,&quot;iso&quot;:&quot;0&quot;,&quot;shutter_speed&quot;:&quot;0&quot;,&quot;title&quot;:&quot;&quot;,&quot;orientation&quot;:&quot;0&quot;}\" data-image-title=\"WHD-konfirmanden2020\" data-image-description=\"\" data-image-caption=\"\" data-large-file=\"https:\/\/i0.wp.com\/wilhelmsdorf-evangelisch.de\/wp-content\/uploads\/2020\/09\/WHD-konfirmanden2020.jpg?fit=735%2C696&amp;ssl=1\" data-src=\"https:\/\/i0.wp.com\/wilhelmsdorf-evangelisch.de\/wp-content\/uploads\/2020\/09\/WHD-konfirmanden2020.jpg?resize=735%2C696&#038;ssl=1\" alt=\"\" class=\"wp-image-3475 lazyload\" data-srcset=\"https:\/\/i0.wp.com\/wilhelmsdorf-evangelisch.de\/wp-content\/uploads\/2020\/09\/WHD-konfirmanden2020.jpg?w=865&amp;ssl=1 865w, https:\/\/i0.wp.com\/wilhelmsdorf-evangelisch.de\/wp-content\/uploads\/2020\/09\/WHD-konfirmanden2020.jpg?resize=300%2C284&amp;ssl=1 300w, https:\/\/i0.wp.com\/wilhelmsdorf-evangelisch.de\/wp-content\/uploads\/2020\/09\/WHD-konfirmanden2020.jpg?resize=768%2C727&amp;ssl=1 768w\" data-sizes=\"(max-width: 735px) 100vw, 735px\" src=\"data:image\/svg+xml;base64,PHN2ZyB3aWR0aD0iMSIgaGVpZ2h0PSIxIiB4bWxucz0iaHR0cDovL3d3dy53My5vcmcvMjAwMC9zdmciPjwvc3ZnPg==\" style=\"--smush-placeholder-width: 735px; --smush-placeholder-aspect-ratio: 735\/696;\" \/><\/figure>\n\n\n\n<p> <\/p>\n","protected":false},"excerpt":{"rendered":"<p>Mit einem halben Jahr Corona-verz\u00f6gerungen sind wir nun gestartet und feiern mit unseren Konfirmandinnen und Konfirmanden ihr gro\u00dfes Fest. In Brunn haben Laura Koch, Fiona Sch\u00f6nleben, und Marc K\u00f6llner den &hellip; <\/p>\n","protected":false},"author":1,"featured_media":3474,"comment_status":"closed","ping_status":"open","sticky":false,"template":"","format":"standard","meta":{"_jetpack_newsletter_access":"","_jetpack_dont_email_post_to_subs":false,"_jetpack_newsletter_tier_id":0,"_jetpack_memberships_contains_paywalled_content":false,"_jetpack_memberships_contains_paid_content":false,"footnotes":""},"categories":[8,1],"tags":[],"class_list":["post-3471","post","type-post","status-publish","format-standard","has-post-thumbnail","hentry","category-berichte","category-uncategorized"],"jetpack_featured_media_url":"https:\/\/i0.wp.com\/wilhelmsdorf-evangelisch.de\/wp-content\/uploads\/2020\/09\/Konfirmation-Brunn2-scaled.jpg?fit=1536%2C2048&ssl=1","jetpack_sharing_enabled":true,"jetpack_shortlink":"https:\/\/wp.me\/p8teGU-TZ","_links":{"self":[{"href":"https:\/\/wilhelmsdorf-evangelisch.de\/index.php?rest_route=\/wp\/v2\/posts\/3471","targetHints":{"allow":["GET"]}}],"collection":[{"href":"https:\/\/wilhelmsdorf-evangelisch.de\/index.php?rest_route=\/wp\/v2\/posts"}],"about":[{"href":"https:\/\/wilhelmsdorf-evangelisch.de\/index.php?rest_route=\/wp\/v2\/types\/post"}],"author":[{"embeddable":true,"href":"https:\/\/wilhelmsdorf-evangelisch.de\/index.php?rest_route=\/wp\/v2\/users\/1"}],"replies":[{"embeddable":true,"href":"https:\/\/wilhelmsdorf-evangelisch.de\/index.php?rest_route=%2Fwp%2Fv2%2Fcomments&post=3471"}],"version-history":[{"count":3,"href":"https:\/\/wilhelmsdorf-evangelisch.de\/index.php?rest_route=\/wp\/v2\/posts\/3471\/revisions"}],"predecessor-version":[{"id":3483,"href":"https:\/\/wilhelmsdorf-evangelisch.de\/index.php?rest_route=\/wp\/v2\/posts\/3471\/revisions\/3483"}],"wp:featuredmedia":[{"embeddable":true,"href":"https:\/\/wilhelmsdorf-evangelisch.de\/index.php?rest_route=\/wp\/v2\/media\/3474"}],"wp:attachment":[{"href":"https:\/\/wilhelmsdorf-evangelisch.de\/index.php?rest_route=%2Fwp%2Fv2%2Fmedia&parent=3471"}],"wp:term":[{"taxonomy":"category","embeddable":true,"href":"https:\/\/wilhelmsdorf-evangelisch.de\/index.php?rest_route=%2Fwp%2Fv2%2Fcategories&post=3471"},{"taxonomy":"post_tag","embeddable":true,"href":"https:\/\/wilhelmsdorf-evangelisch.de\/index.php?rest_route=%2Fwp%2Fv2%2Ftags&post=3471"}],"curies":[{"name":"wp","href":"https:\/\/api.w.org\/{rel}","templated":true}]}}