{"id":2758,"date":"2021-12-17T10:40:00","date_gmt":"2021-12-17T09:40:00","guid":{"rendered":"http:\/\/www.wilhelmsdorf-evangelisch.de\/?p=2758"},"modified":"2022-01-10T11:28:56","modified_gmt":"2022-01-10T10:28:56","slug":"unsere-gottesdienste-an-den-feiertagen","status":"publish","type":"post","link":"https:\/\/wilhelmsdorf-evangelisch.de\/?p=2758","title":{"rendered":"Unsere Gottesdienste an den Feiertagen"},"content":{"rendered":"\n<div class=\"wp-block-cover has-background-dim-20 has-background-dim\"><img data-recalc-dims=\"1\" decoding=\"async\" width=\"735\" height=\"357\" data-attachment-id=\"4712\" data-permalink=\"https:\/\/wilhelmsdorf-evangelisch.de\/?attachment_id=4712\" data-orig-file=\"https:\/\/i0.wp.com\/wilhelmsdorf-evangelisch.de\/wp-content\/uploads\/2021\/12\/20211222_164410-scaled.jpg?fit=2048%2C996&amp;ssl=1\" data-orig-size=\"2048,996\" data-comments-opened=\"0\" data-image-meta=\"{&quot;aperture&quot;:&quot;1.7&quot;,&quot;credit&quot;:&quot;&quot;,&quot;camera&quot;:&quot;SM-G950F&quot;,&quot;caption&quot;:&quot;&quot;,&quot;created_timestamp&quot;:&quot;1640191450&quot;,&quot;copyright&quot;:&quot;&quot;,&quot;focal_length&quot;:&quot;4.2&quot;,&quot;iso&quot;:&quot;400&quot;,&quot;shutter_speed&quot;:&quot;0.1&quot;,&quot;title&quot;:&quot;&quot;,&quot;orientation&quot;:&quot;1&quot;}\" data-image-title=\"20211222_164410\" data-image-description=\"\" data-image-caption=\"\" data-large-file=\"https:\/\/i0.wp.com\/wilhelmsdorf-evangelisch.de\/wp-content\/uploads\/2021\/12\/20211222_164410-scaled.jpg?fit=735%2C357&amp;ssl=1\" class=\"wp-block-cover__image-background wp-image-4712 lazyload\" alt=\"\" data-src=\"https:\/\/i0.wp.com\/wilhelmsdorf-evangelisch.de\/wp-content\/uploads\/2021\/12\/20211222_164410-scaled.jpg?resize=735%2C357&#038;ssl=1\" data-object-fit=\"cover\" data-srcset=\"https:\/\/i0.wp.com\/wilhelmsdorf-evangelisch.de\/wp-content\/uploads\/2021\/12\/20211222_164410-scaled.jpg?w=2048&amp;ssl=1 2048w, https:\/\/i0.wp.com\/wilhelmsdorf-evangelisch.de\/wp-content\/uploads\/2021\/12\/20211222_164410-scaled.jpg?resize=300%2C146&amp;ssl=1 300w, https:\/\/i0.wp.com\/wilhelmsdorf-evangelisch.de\/wp-content\/uploads\/2021\/12\/20211222_164410-scaled.jpg?resize=1024%2C498&amp;ssl=1 1024w, https:\/\/i0.wp.com\/wilhelmsdorf-evangelisch.de\/wp-content\/uploads\/2021\/12\/20211222_164410-scaled.jpg?resize=768%2C373&amp;ssl=1 768w, https:\/\/i0.wp.com\/wilhelmsdorf-evangelisch.de\/wp-content\/uploads\/2021\/12\/20211222_164410-scaled.jpg?resize=1536%2C747&amp;ssl=1 1536w, https:\/\/i0.wp.com\/wilhelmsdorf-evangelisch.de\/wp-content\/uploads\/2021\/12\/20211222_164410-scaled.jpg?w=1470&amp;ssl=1 1470w\" data-sizes=\"(max-width: 735px) 100vw, 735px\" src=\"data:image\/svg+xml;base64,PHN2ZyB3aWR0aD0iMSIgaGVpZ2h0PSIxIiB4bWxucz0iaHR0cDovL3d3dy53My5vcmcvMjAwMC9zdmciPjwvc3ZnPg==\" style=\"--smush-placeholder-width: 735px; --smush-placeholder-aspect-ratio: 735\/357;\" \/><div class=\"wp-block-cover__inner-container is-layout-flow wp-block-cover-is-layout-flow\">\n<p><\/p>\n\n\n\n<p class=\"has-text-align-center\">Gottesdienste an <br>Weihnachten und Silvester 2021<br><\/p>\n<\/div><\/div>\n\n\n\n<p>Als Kirchengemeinden ist es uns wichtig,  unsere Gottesdienste so zu planen, dass wir das Infektionsrisiko m\u00f6glichst gering halten und niemanden von den Feiern ausschlie\u00dfen m\u00fcssen. Darum werden wir alle Gottesdienste, in denen viele G\u00e4ste erwartet werden, ins Freie verlegen. Unsere Gottesdienste k\u00f6nnen also unabh\u00e4ngig vom Impfstatus besucht werden. Es gilt das \u00fcbliche Abstandsgebot und Maskenpflicht.<br>Hier unsere \u00dcbersicht mit den Details<\/p>\n\n\n\n<p class=\"has-light-green-cyan-background-color has-background\"><strong>Gottesdienste in Brunn<\/strong><\/p>\n\n\n\n<p><strong>Heilig Abend<\/strong>  &#8211; <strong>16:00 Uhr <\/strong>(EInlass ab 15:40!)&nbsp;&nbsp;&nbsp;&nbsp;&nbsp;&nbsp;&nbsp; &nbsp;&nbsp;&nbsp;&nbsp;&nbsp;&nbsp;&nbsp;&nbsp;&nbsp;&nbsp; &nbsp;<br><strong>Gottesdienst f\u00fcr Familien mit Kindern.<\/strong> In der Kirche ist f\u00fcr 54 Personen Platz (mit Abstand und Maske). F\u00fcr G\u00e4ste, die in der Kirche keinen Platz mehr finden, \u00fcbertragen wir den Gottesdienst in den Kirchgarten Dieser Gottesdienst wird au\u00dferdem als <a href=\"https:\/\/wilhelmsdorf-evangelisch.de\/?p=4709\" data-type=\"URL\" data-id=\"https:\/\/wilhelmsdorf-evangelisch.de\/?p=4709\" target=\"_blank\" rel=\"noreferrer noopener\">Livestream <\/a>\u00fcbertragen.<\/p>\n\n\n\n<p><strong>Heilig Abend &#8211; 21:30 Uhr<\/strong><br><strong>Christmette mit dem Posaunenchor<\/strong>:  In der Kirche ist f\u00fcr 54 Personen Platz (mit Abstand und Maske). F\u00fcr G\u00e4ste, die in der Kirche keinen Platz mehr finden, \u00fcbertragen wir den Gottesdienst in den Kirchgarten Dieser Gottesdienst wird au\u00dferdem als <strong><a href=\"https:\/\/wilhelmsdorf-evangelisch.de\/?p=4709\" data-type=\"URL\" data-id=\"https:\/\/wilhelmsdorf-evangelisch.de\/?p=4709\" target=\"_blank\" rel=\"noreferrer noopener\">Livestream <\/a><\/strong>\u00fcbertragen<\/p>\n\n\n\n<p><strong>1. Weihnachtsfeiertag&nbsp;&#8211; 10:00 Uhr &nbsp;<\/strong>&nbsp;<br>Festgottesdienst mit dem Posaunenchor (Maximal 54 Pl\u00e4tze). Dieser Gottesdienst wird auch als <a href=\"https:\/\/wilhelmsdorf-evangelisch.de\/?p=4709\" data-type=\"URL\" data-id=\"https:\/\/wilhelmsdorf-evangelisch.de\/?p=4709\" target=\"_blank\" rel=\"noreferrer noopener\">Livestream <\/a>\u00fcbertragen<br><br> <strong>2. Weihnachtsfeiertag- 10:00 Uhr&nbsp;&nbsp; <\/strong>&nbsp;<br>Festgottesdienst (Maximal 54 Pl\u00e4tze).<br><br><strong>Silvester &#8211; 17:00 Uhr  &nbsp; &nbsp;&nbsp;&nbsp;&nbsp;&nbsp;&nbsp;<\/strong>&nbsp;&nbsp;&nbsp;&nbsp; &nbsp;&nbsp;&nbsp;&nbsp;&nbsp;&nbsp;&nbsp;&nbsp;&nbsp;&nbsp; <br>Jahresschluss-Gottesdienst&nbsp; mit Predigt zur &nbsp;Jahreslosung 2022  (Maximal 54 Pl\u00e4tze) .<br><\/p>\n\n\n\n<p class=\"has-light-green-cyan-background-color has-background\">Gottesdienste in Wilhelmsdorf<\/p>\n\n\n\n<p><strong>Heilig Abend &#8211; 17:00 Uhr<\/strong><br><strong>Gottesdienst f\u00fcr Familien mit Kindern<\/strong> auf dem Parkplatz der Firma Stumptner<\/p>\n\n\n\n<p><strong>Heilig Abend . 18:00 Uhr<\/strong><br>Christvesper mi<strong>t dem Posaunenchor<\/strong> auf dem Parkplatz der Firma Stumptner<\/p>\n\n\n\n<p><strong>1. Weihnachtsfeiertag- 9:00 Uhr:&nbsp;&nbsp; <\/strong><br>Festgottesdienst mit dem Posaunenchor auf dem Parkplatz der Firma Stumptner. F\u00fcr G\u00e4ste im h\u00f6heren Alter werden wir St\u00fchle bereitstellen.<\/p>\n\n\n\n<p><strong>2. Weihnachtsfeiertag &#8211; 9:00 Uhr:&nbsp;&nbsp; <\/strong><br> Festgottesdienst mit dem Posaunenchor auf dem Parkplatz der Firma Stumptner. F\u00fcr G\u00e4ste im h\u00f6heren Alter werden wir St\u00fchle bereitstelle <\/p>\n\n\n\n<p><strong>Silvester &#8211; 18:00 Uhr<\/strong>&nbsp;&nbsp; &nbsp; &nbsp;&nbsp;&nbsp;&nbsp;&nbsp;&nbsp;&nbsp;&nbsp;&nbsp;&nbsp; &nbsp;&nbsp;&nbsp;&nbsp;&nbsp;&nbsp;&nbsp;&nbsp;&nbsp;&nbsp; <br> Festgottesdienst mit dem Posaunenchor auf dem Parkplatz der Firma Stumptner. F\u00fcr G\u00e4ste im h\u00f6heren Alter werden wir St\u00fchle bereitstellen. <\/p>\n\n\n\n<p><\/p>\n\n\n\n<p><\/p>\n\n\n\n<p><\/p>\n","protected":false},"excerpt":{"rendered":"<p>Hier finden Sie die aktuellen Gottesdiensttermine f\u00fcr die Feiertage<\/p>\n","protected":false},"author":1,"featured_media":4712,"comment_status":"closed","ping_status":"open","sticky":false,"template":"","format":"standard","meta":{"_jetpack_newsletter_access":"","_jetpack_dont_email_post_to_subs":false,"_jetpack_newsletter_tier_id":0,"_jetpack_memberships_contains_paywalled_content":false,"_jetpack_memberships_contains_paid_content":false,"footnotes":""},"categories":[1],"tags":[],"class_list":["post-2758","post","type-post","status-publish","format-standard","has-post-thumbnail","hentry","category-uncategorized"],"jetpack_featured_media_url":"https:\/\/i0.wp.com\/wilhelmsdorf-evangelisch.de\/wp-content\/uploads\/2021\/12\/20211222_164410-scaled.jpg?fit=2048%2C996&ssl=1","jetpack_sharing_enabled":true,"jetpack_shortlink":"https:\/\/wp.me\/p8teGU-Iu","_links":{"self":[{"href":"https:\/\/wilhelmsdorf-evangelisch.de\/index.php?rest_route=\/wp\/v2\/posts\/2758","targetHints":{"allow":["GET"]}}],"collection":[{"href":"https:\/\/wilhelmsdorf-evangelisch.de\/index.php?rest_route=\/wp\/v2\/posts"}],"about":[{"href":"https:\/\/wilhelmsdorf-evangelisch.de\/index.php?rest_route=\/wp\/v2\/types\/post"}],"author":[{"embeddable":true,"href":"https:\/\/wilhelmsdorf-evangelisch.de\/index.php?rest_route=\/wp\/v2\/users\/1"}],"replies":[{"embeddable":true,"href":"https:\/\/wilhelmsdorf-evangelisch.de\/index.php?rest_route=%2Fwp%2Fv2%2Fcomments&post=2758"}],"version-history":[{"count":10,"href":"https:\/\/wilhelmsdorf-evangelisch.de\/index.php?rest_route=\/wp\/v2\/posts\/2758\/revisions"}],"predecessor-version":[{"id":4745,"href":"https:\/\/wilhelmsdorf-evangelisch.de\/index.php?rest_route=\/wp\/v2\/posts\/2758\/revisions\/4745"}],"wp:featuredmedia":[{"embeddable":true,"href":"https:\/\/wilhelmsdorf-evangelisch.de\/index.php?rest_route=\/wp\/v2\/media\/4712"}],"wp:attachment":[{"href":"https:\/\/wilhelmsdorf-evangelisch.de\/index.php?rest_route=%2Fwp%2Fv2%2Fmedia&parent=2758"}],"wp:term":[{"taxonomy":"category","embeddable":true,"href":"https:\/\/wilhelmsdorf-evangelisch.de\/index.php?rest_route=%2Fwp%2Fv2%2Fcategories&post=2758"},{"taxonomy":"post_tag","embeddable":true,"href":"https:\/\/wilhelmsdorf-evangelisch.de\/index.php?rest_route=%2Fwp%2Fv2%2Ftags&post=2758"}],"curies":[{"name":"wp","href":"https:\/\/api.w.org\/{rel}","templated":true}]}}